{"id":129888,"date":"2024-12-06T19:51:23","date_gmt":"2024-12-07T00:51:23","guid":{"rendered":"https:\/\/elinformanteperu.com\/?p=129888"},"modified":"2024-12-06T19:51:23","modified_gmt":"2024-12-07T00:51:23","slug":"universitario-de-deportes-renovo-contrato-con-aldo-corzo","status":"publish","type":"post","link":"https:\/\/elinformanteperu.com\/index.php\/2024\/12\/06\/universitario-de-deportes-renovo-contrato-con-aldo-corzo\/","title":{"rendered":"Universitario de Deportes renov\u00f3 contrato con Aldo Corzo"},"content":{"rendered":"<p><strong><span style=\"color: #000000;\">El lateral cumlir\u00e1 diez temporadas con el vigente campe\u00f3n nacional<\/span><\/strong><\/p>\n<p><span style=\"color: #000000;\"><strong>Lima, 5 Diciembre 2024, (ANDINA).-<\/strong> Qued\u00f3 confirmado de que Aldo Corzo no se mover\u00e1 de Universitario de Deportes luego que el club &#8216;crema&#8217; anunci\u00f3 la renovaci\u00f3n de contrato por dos a\u00f1os del lateral derecho, que cumplir\u00e1 diez temporadas en el vigente campe\u00f3n nacional.<\/span><\/p>\n<p><span style=\"color: #000000;\">El capit\u00e1n del conjunto &#8216;merengue&#8217; lleg\u00f3 a un acuerdo con la Administraci\u00f3n liderada por Ferrari para renovar su v\u00ednculo que finalizaba a fin del presente a\u00f1o.<\/span><\/p>\n<p><span style=\"color: #000000;\">\u00abFe compromiso y liderazgo asegurado. Anunciamos la extensi\u00f3n de nuestro v\u00ednculo con el capit\u00e1n Aldo Corzo\u00bb, escribi\u00f3 Universitario en sus redes sociales.<\/span><\/p>\n<p><span style=\"color: #000000;\">El nuevo contrato de Corzo ser\u00e1 por dos temporadas m\u00e1s por lo que su estad\u00eda en la &#8216;U&#8217; ser\u00e1 hasta el 2027, tiempo en el que el defensa cumplir\u00e1 diez temporadas con los &#8216;cremas&#8217;.<\/span><\/p>\n<p><span style=\"color: #000000;\">Como se sabe, Corzo lleg\u00f3 a Universitario en el 2017 y desde entonces ha obtenido dos t\u00edtulos nacionales y se erigi\u00f3 como pieza clave en las \u00faltimas campa\u00f1as del bicampe\u00f3n peruano.<\/span><\/p>\n<blockquote class=\"twitter-tweet\">\n<p dir=\"ltr\" lang=\"es\">\ud835\uddd9\ud835\uddd8 \ud835\uddec \ud835\udde0\u24ca\ud835\uddd6\ud835\udddb\ud835\uddd4 \ud835\uddda\ud835\uddd4\ud835\udde5\ud835\udde5\ud835\uddd4 \ud83d\udcaa\ud83d\udc9b<\/p>\n<p>Por m\u00e1s objetivos cumplidos bajo tu liderazgo, capit\u00e1n. Sigamos haciendo historia juntos.<\/p>\n<p>\u00a1Con pasi\u00f3n y amor por esta sagrada camiseta!<a href=\"https:\/\/twitter.com\/hashtag\/Bicamp100nes?src=hash&amp;ref_src=twsrc%5Etfw\">#Bicamp100nes<\/a><a href=\"https:\/\/twitter.com\/hashtag\/Los100Del%C3%9AnicoGrande?src=hash&amp;ref_src=twsrc%5Etfw\">#Los100Del\u00danicoGrande<\/a> <a href=\"https:\/\/t.co\/LMv9E2Vit1\">pic.twitter.com\/LMv9E2Vit1<\/a><\/p>\n<p>\u2014 Universitario (@Universitario) <a href=\"https:\/\/twitter.com\/Universitario\/status\/1864480966959317265?ref_src=twsrc%5Etfw\">December 5, 2024<\/a><\/p><\/blockquote>\n<p><script async src=\"https:\/\/platform.twitter.com\/widgets.js\" charset=\"utf-8\"><\/script><\/p>\n","protected":false},"excerpt":{"rendered":"<p>El lateral cumlir\u00e1 diez temporadas con el vigente campe\u00f3n nacional Lima, 5 Diciembre 2024, (ANDINA).- Qued\u00f3 confirmado de que Aldo Corzo no se mover\u00e1 de Universitario de Deportes luego que el club &#8216;crema&#8217; anunci\u00f3 la renovaci\u00f3n de contrato por dos a\u00f1os del lateral derecho, que cumplir\u00e1 diez temporadas en el vigente campe\u00f3n nacional. El capit\u00e1n [&hellip;]<\/p>\n","protected":false},"author":1,"featured_media":129889,"comment_status":"closed","ping_status":"closed","sticky":false,"template":"","format":"standard","meta":{"rop_custom_images_group":[],"rop_custom_messages_group":[],"rop_publish_now":"initial","rop_publish_now_accounts":[],"rop_publish_now_history":[],"rop_publish_now_status":"pending","footnotes":""},"categories":[8],"tags":[1261,144],"class_list":["post-129888","post","type-post","status-publish","format-standard","has-post-thumbnail","hentry","category-disciplinas-deportivas","tag-aldo-corzo","tag-universitario-de-deportes"],"_links":{"self":[{"href":"https:\/\/elinformanteperu.com\/index.php\/wp-json\/wp\/v2\/posts\/129888","targetHints":{"allow":["GET"]}}],"collection":[{"href":"https:\/\/elinformanteperu.com\/index.php\/wp-json\/wp\/v2\/posts"}],"about":[{"href":"https:\/\/elinformanteperu.com\/index.php\/wp-json\/wp\/v2\/types\/post"}],"author":[{"embeddable":true,"href":"https:\/\/elinformanteperu.com\/index.php\/wp-json\/wp\/v2\/users\/1"}],"replies":[{"embeddable":true,"href":"https:\/\/elinformanteperu.com\/index.php\/wp-json\/wp\/v2\/comments?post=129888"}],"version-history":[{"count":1,"href":"https:\/\/elinformanteperu.com\/index.php\/wp-json\/wp\/v2\/posts\/129888\/revisions"}],"predecessor-version":[{"id":129890,"href":"https:\/\/elinformanteperu.com\/index.php\/wp-json\/wp\/v2\/posts\/129888\/revisions\/129890"}],"wp:featuredmedia":[{"embeddable":true,"href":"https:\/\/elinformanteperu.com\/index.php\/wp-json\/wp\/v2\/media\/129889"}],"wp:attachment":[{"href":"https:\/\/elinformanteperu.com\/index.php\/wp-json\/wp\/v2\/media?parent=129888"}],"wp:term":[{"taxonomy":"category","embeddable":true,"href":"https:\/\/elinformanteperu.com\/index.php\/wp-json\/wp\/v2\/categories?post=129888"},{"taxonomy":"post_tag","embeddable":true,"href":"https:\/\/elinformanteperu.com\/index.php\/wp-json\/wp\/v2\/tags?post=129888"}],"curies":[{"name":"wp","href":"https:\/\/api.w.org\/{rel}","templated":true}]}}