{"id":129804,"date":"2024-12-04T23:06:41","date_gmt":"2024-12-05T04:06:41","guid":{"rendered":"https:\/\/elinformanteperu.com\/?p=129804"},"modified":"2024-12-04T23:06:41","modified_gmt":"2024-12-05T04:06:41","slug":"callao-colocan-ultimas-vigas-de-nuevo-puente-peatonal-virgen-del-carmen-en-av-faucett","status":"publish","type":"post","link":"https:\/\/elinformanteperu.com\/index.php\/2024\/12\/04\/callao-colocan-ultimas-vigas-de-nuevo-puente-peatonal-virgen-del-carmen-en-av-faucett\/","title":{"rendered":"Callao: colocan \u00faltimas vigas de nuevo puente peatonal Virgen del Carmen en Av. Faucett"},"content":{"rendered":"<p><strong><span style=\"color: #000000;\">La obra desarrollada por la Municipalidad del Callao ser\u00e1 entregada antes de fin de mes<\/span><\/strong><\/p>\n<p><span style=\"color: #000000;\"><strong>Lima, 4 Diciembre 2024, (ANDINA).-<\/strong> La Municipalidad del Callao culmin\u00f3 con la colocaci\u00f3n del izaje y montaje de las vigas del puente peatonal Virgen del Carmen, que se construye en la Av. Elmer Faucett, y que se encuentra en m\u00e1s de 80% de avance. Debe estar listo antes de fin de a\u00f1o.<\/span><\/p>\n<p><span style=\"color: #000000;\">Durante dos noches, la Municipalidad del Callao, con apoyo de la Polic\u00eda Nacional del Per\u00fa, ejecut\u00f3 de manera exitosa un plan de desv\u00edo para la colocaci\u00f3n de 3 vigas de concreto de 38 metros cada una, las cuales unen ambos extremos del puente peatonal que conecta al Callao con Carmen de la Legua Reynoso.<\/span><\/p>\n<p><span style=\"color: #000000;\">\u201cEsta obra va a ser una obra eterna para los vecinos de Carmen de la Legua y del Callao que quieran venir a este sector y quieran movilizarse. Las molestias pasan, pero las obras quedan y aqu\u00ed estamos. La promesa que le hicimos a la poblaci\u00f3n hoy la estamos cumpliendo\u201d expres\u00f3 el alcalde del Callao, Pedro Spadaro.<\/span><\/p>\n<p><span style=\"color: #000000;\">El ansiado puente peatonal Virgen del Carmen, construido luego de 40 a\u00f1os, beneficiar\u00e1 a m\u00e1s de 90 mil personas las cuales muchas veces arriesgaban su vida intentado cruzar corriendo la avenida Faucett, generando accidentes y muertes en varias oportunidades. El puente contar\u00e1 con dos ascensores con capacidad de 10 personas cada uno y piso podot\u00e1ctil, haciendo del puente un lugar inclusivo.<\/span><\/p>\n<p><a href=\"https:\/\/elinformanteperu.com\/wp-content\/uploads\/2024\/12\/callao-puente-peatonal.jpg\"><img fetchpriority=\"high\" decoding=\"async\" class=\"size-large wp-image-129806 aligncenter\" src=\"https:\/\/elinformanteperu.com\/wp-content\/uploads\/2024\/12\/callao-puente-peatonal-1024x683.jpg\" alt=\"\" width=\"615\" height=\"410\" srcset=\"https:\/\/elinformanteperu.com\/wp-content\/uploads\/2024\/12\/callao-puente-peatonal-1024x683.jpg 1024w, https:\/\/elinformanteperu.com\/wp-content\/uploads\/2024\/12\/callao-puente-peatonal-300x200.jpg 300w, https:\/\/elinformanteperu.com\/wp-content\/uploads\/2024\/12\/callao-puente-peatonal-768x512.jpg 768w, https:\/\/elinformanteperu.com\/wp-content\/uploads\/2024\/12\/callao-puente-peatonal-1536x1024.jpg 1536w, https:\/\/elinformanteperu.com\/wp-content\/uploads\/2024\/12\/callao-puente-peatonal.jpg 1800w\" sizes=\"(max-width: 615px) 100vw, 615px\" \/><\/a><span style=\"color: #000000;\">Est\u00e1 obra contar\u00e1 con seguridad las 24 horas del d\u00eda e iluminaci\u00f3n LED.<\/span><\/p>\n<p><span style=\"color: #000000;\">\u201cEstamos ejecutando m\u00e1s de 150 obras en todo el Callao y este puente peatonal es una de nuestras obras bandera. Hoy, en menos de dos a\u00f1os de gesti\u00f3n, ya es una realidad y no solo va a ser \u00fatil para todos los vecinos, sino que va a modernizar a todo este sector a puertas de la inauguraci\u00f3n del nuevo aeropuerto Jorge Ch\u00e1vez\u201d finaliz\u00f3 el burgomaestre chalaco.<\/span><\/p>\n<p><span style=\"color: #000000;\">Con la colocaci\u00f3n de estas 3 vigas, esta mega obra entra en su etapa final. Solo faltan los trabajos de acabado para que el puente peatonal Virgen del Carmen sea entregado y puesto a disposici\u00f3n antes de que acabe el 2024.<\/span><\/p>\n<p><a href=\"https:\/\/elinformanteperu.com\/wp-content\/uploads\/2024\/12\/callao-puente-peatonal2.jpg\"><img decoding=\"async\" class=\"size-full wp-image-129807 aligncenter\" src=\"https:\/\/elinformanteperu.com\/wp-content\/uploads\/2024\/12\/callao-puente-peatonal2.jpg\" alt=\"\" width=\"500\" height=\"333\" srcset=\"https:\/\/elinformanteperu.com\/wp-content\/uploads\/2024\/12\/callao-puente-peatonal2.jpg 500w, https:\/\/elinformanteperu.com\/wp-content\/uploads\/2024\/12\/callao-puente-peatonal2-300x200.jpg 300w\" sizes=\"(max-width: 500px) 100vw, 500px\" \/><\/a><\/p>\n","protected":false},"excerpt":{"rendered":"<p>La obra desarrollada por la Municipalidad del Callao ser\u00e1 entregada antes de fin de mes Lima, 4 Diciembre 2024, (ANDINA).- La Municipalidad del Callao culmin\u00f3 con la colocaci\u00f3n del izaje y montaje de las vigas del puente peatonal Virgen del Carmen, que se construye en la Av. Elmer Faucett, y que se encuentra en m\u00e1s [&hellip;]<\/p>\n","protected":false},"author":1,"featured_media":129805,"comment_status":"closed","ping_status":"closed","sticky":false,"template":"","format":"standard","meta":{"rop_custom_images_group":[],"rop_custom_messages_group":[],"rop_publish_now":"initial","rop_publish_now_accounts":[],"rop_publish_now_history":[],"rop_publish_now_status":"pending","footnotes":""},"categories":[10],"tags":[535,437],"class_list":["post-129804","post","type-post","status-publish","format-standard","has-post-thumbnail","hentry","category-actualidad-municipal","tag-callao","tag-municipalidad-del-callao"],"_links":{"self":[{"href":"https:\/\/elinformanteperu.com\/index.php\/wp-json\/wp\/v2\/posts\/129804","targetHints":{"allow":["GET"]}}],"collection":[{"href":"https:\/\/elinformanteperu.com\/index.php\/wp-json\/wp\/v2\/posts"}],"about":[{"href":"https:\/\/elinformanteperu.com\/index.php\/wp-json\/wp\/v2\/types\/post"}],"author":[{"embeddable":true,"href":"https:\/\/elinformanteperu.com\/index.php\/wp-json\/wp\/v2\/users\/1"}],"replies":[{"embeddable":true,"href":"https:\/\/elinformanteperu.com\/index.php\/wp-json\/wp\/v2\/comments?post=129804"}],"version-history":[{"count":1,"href":"https:\/\/elinformanteperu.com\/index.php\/wp-json\/wp\/v2\/posts\/129804\/revisions"}],"predecessor-version":[{"id":129808,"href":"https:\/\/elinformanteperu.com\/index.php\/wp-json\/wp\/v2\/posts\/129804\/revisions\/129808"}],"wp:featuredmedia":[{"embeddable":true,"href":"https:\/\/elinformanteperu.com\/index.php\/wp-json\/wp\/v2\/media\/129805"}],"wp:attachment":[{"href":"https:\/\/elinformanteperu.com\/index.php\/wp-json\/wp\/v2\/media?parent=129804"}],"wp:term":[{"taxonomy":"category","embeddable":true,"href":"https:\/\/elinformanteperu.com\/index.php\/wp-json\/wp\/v2\/categories?post=129804"},{"taxonomy":"post_tag","embeddable":true,"href":"https:\/\/elinformanteperu.com\/index.php\/wp-json\/wp\/v2\/tags?post=129804"}],"curies":[{"name":"wp","href":"https:\/\/api.w.org\/{rel}","templated":true}]}}