{"id":129796,"date":"2024-12-04T22:53:48","date_gmt":"2024-12-05T03:53:48","guid":{"rendered":"https:\/\/elinformanteperu.com\/?p=129796"},"modified":"2024-12-04T22:53:48","modified_gmt":"2024-12-05T03:53:48","slug":"primer-fin-de-semana-largo-de-diciembre-sera-del-viernes-6-al-lunes-9-2","status":"publish","type":"post","link":"https:\/\/elinformanteperu.com\/index.php\/2024\/12\/04\/primer-fin-de-semana-largo-de-diciembre-sera-del-viernes-6-al-lunes-9-2\/","title":{"rendered":"Primer fin de semana largo de diciembre ser\u00e1 del viernes 6 al lunes 9"},"content":{"rendered":"<p><strong><span style=\"color: #000000;\">En esta nota te explicamos la diferencia entre feriado calendario y d\u00eda no laborable<\/span><\/strong><\/p>\n<p><span style=\"color: #000000;\"><strong>Lima, 4 Diciembre 2024, (ANDINA).-<\/strong> Diciembre contar\u00e1 con tres fines de semana largos, resultado de la combinaci\u00f3n de feriados y d\u00edas no laborables. Esta oportunidad permitir\u00e1 a los ciudadanos disfrutar de un descanso prolongado, viajar o retomar actividades pendientes.<\/span><\/p>\n<p><span style=\"color: #000000;\">El primero de ellos comenzar\u00e1 el viernes 6, declarado d\u00eda no laborable para el sector p\u00fablico, al cual se suma el s\u00e1bado 7, domingo 8 (feriado calendario por la Inmaculada Concepci\u00f3n) y el lunes 9 ( feriado calendario por la batalla de Ayacucho).<\/span><\/p>\n<p><span style=\"color: #000000;\">El segundo fin de semana largo comprender\u00e1 el lunes 23 y martes 24 (ambos d\u00edas no laborables) y el mi\u00e9rcoles 25 (Navidad). Si a ello se suman el s\u00e1bado 21 y domingo 22, se estar\u00eda creando tambi\u00e9n una especie de feriado largo.<\/span><\/p>\n<p><span style=\"color: #000000;\">Igualmente, el tercer fin de semana largo incluye el lunes 30 y martes 31 de diciembre (ambos d\u00edas no laborables), y el mi\u00e9rcoles 1 de enero (A\u00f1o Nuevo), a todo lo cual puede sumarse el s\u00e1bado 28 y domingo 29.<\/span><\/p>\n<p><strong><span style=\"color: #000000;\">Feriados en diciembre<\/span><\/strong><\/p>\n<p><span style=\"color: #000000;\"><strong>-Domingo 8 de diciembre:<\/strong> Inmaculada Concepci\u00f3n.<\/span><br \/>\n<span style=\"color: #000000;\"><strong>-Lunes 9 de diciembre:<\/strong> batalla de Ayacucho.<\/span><br \/>\n<span style=\"color: #000000;\"><strong>-Mi\u00e9rcoles 25 de diciembre:<\/strong> Navidad.<\/span><\/p>\n<p><span style=\"color: #000000;\">Los feriados est\u00e1n establecidos por ley, espec\u00edficamente en el art\u00edculo 6 del Decreto Legislativo 713.<\/span><\/p>\n<p><span style=\"color: #000000;\">En un d\u00eda feriado el trabajador debe descansar sin afectarse su remuneraci\u00f3n. Si debe laborar, ya sea por su horario o las necesidades de la empresa, el empleador tiene dos opciones: otorgarle un descanso en otra fecha o pagarle el triple de su remuneraci\u00f3n por el feriado trabajado.<\/span><\/p>\n<p><strong><span style=\"color: #000000;\">\u00bfQu\u00e9 d\u00edas no laborables hay en diciembre?<\/span><\/strong><\/p>\n<p><span style=\"color: #000000;\"><strong>-Viernes 6 de diciembre:<\/strong> D\u00eda no laborable para el sector p\u00fablico.<\/span><br \/>\n<span style=\"color: #000000;\"><strong>-Lunes 23 de diciembre:<\/strong> D\u00eda no laborable para el sector p\u00fablico.<\/span><br \/>\n<span style=\"color: #000000;\"><strong>-Martes 24 de diciembre:<\/strong> D\u00eda no laborable para el sector p\u00fablico.<\/span><br \/>\n<span style=\"color: #000000;\"><strong>-Lunes 30 de diciembre:<\/strong> D\u00eda no laborable para el sector p\u00fablico.<\/span><br \/>\n<span style=\"color: #000000;\"><strong>-Martes 31 de diciembre:<\/strong> D\u00eda no laborable para el sector p\u00fablico.<\/span><\/p>\n<p><span style=\"color: #000000;\">Los d\u00edas no laborables del 2024 han sido establecidos por Decreto Supremo 011-2024-PCM, publicado en el bolet\u00edn Normas Legales del Diario Oficial El Peruano.<\/span><\/p>\n<p><span style=\"color: #000000;\">Cabe se\u00f1alar que el objetivo principal de los d\u00edas no laborables es impulsar y fortalecer el turismo interno, instrumento que permite dinamizar la econom\u00eda local de las diversas regiones y comunidades del pa\u00eds.<\/span><\/p>\n<p><a href=\"https:\/\/elinformanteperu.com\/wp-content\/uploads\/2021\/03\/playa-covid.jpg\"><img fetchpriority=\"high\" decoding=\"async\" class=\"size-full wp-image-94050 aligncenter\" src=\"https:\/\/elinformanteperu.com\/wp-content\/uploads\/2021\/03\/playa-covid.jpg\" alt=\"\" width=\"766\" height=\"509\" srcset=\"https:\/\/elinformanteperu.com\/wp-content\/uploads\/2021\/03\/playa-covid.jpg 766w, https:\/\/elinformanteperu.com\/wp-content\/uploads\/2021\/03\/playa-covid-300x199.jpg 300w\" sizes=\"(max-width: 766px) 100vw, 766px\" \/><\/a><\/p>\n","protected":false},"excerpt":{"rendered":"<p>En esta nota te explicamos la diferencia entre feriado calendario y d\u00eda no laborable Lima, 4 Diciembre 2024, (ANDINA).- Diciembre contar\u00e1 con tres fines de semana largos, resultado de la combinaci\u00f3n de feriados y d\u00edas no laborables. Esta oportunidad permitir\u00e1 a los ciudadanos disfrutar de un descanso prolongado, viajar o retomar actividades pendientes. El primero [&hellip;]<\/p>\n","protected":false},"author":1,"featured_media":129797,"comment_status":"closed","ping_status":"closed","sticky":false,"template":"","format":"standard","meta":{"rop_custom_images_group":[],"rop_custom_messages_group":[],"rop_publish_now":"initial","rop_publish_now_accounts":[],"rop_publish_now_history":[],"rop_publish_now_status":"pending","footnotes":""},"categories":[10,5746,21],"tags":[758],"class_list":["post-129796","post","type-post","status-publish","format-standard","has-post-thumbnail","hentry","category-actualidad-municipal","category-foto-noticias","category-orientacion","tag-feriados"],"_links":{"self":[{"href":"https:\/\/elinformanteperu.com\/index.php\/wp-json\/wp\/v2\/posts\/129796","targetHints":{"allow":["GET"]}}],"collection":[{"href":"https:\/\/elinformanteperu.com\/index.php\/wp-json\/wp\/v2\/posts"}],"about":[{"href":"https:\/\/elinformanteperu.com\/index.php\/wp-json\/wp\/v2\/types\/post"}],"author":[{"embeddable":true,"href":"https:\/\/elinformanteperu.com\/index.php\/wp-json\/wp\/v2\/users\/1"}],"replies":[{"embeddable":true,"href":"https:\/\/elinformanteperu.com\/index.php\/wp-json\/wp\/v2\/comments?post=129796"}],"version-history":[{"count":1,"href":"https:\/\/elinformanteperu.com\/index.php\/wp-json\/wp\/v2\/posts\/129796\/revisions"}],"predecessor-version":[{"id":129798,"href":"https:\/\/elinformanteperu.com\/index.php\/wp-json\/wp\/v2\/posts\/129796\/revisions\/129798"}],"wp:featuredmedia":[{"embeddable":true,"href":"https:\/\/elinformanteperu.com\/index.php\/wp-json\/wp\/v2\/media\/129797"}],"wp:attachment":[{"href":"https:\/\/elinformanteperu.com\/index.php\/wp-json\/wp\/v2\/media?parent=129796"}],"wp:term":[{"taxonomy":"category","embeddable":true,"href":"https:\/\/elinformanteperu.com\/index.php\/wp-json\/wp\/v2\/categories?post=129796"},{"taxonomy":"post_tag","embeddable":true,"href":"https:\/\/elinformanteperu.com\/index.php\/wp-json\/wp\/v2\/tags?post=129796"}],"curies":[{"name":"wp","href":"https:\/\/api.w.org\/{rel}","templated":true}]}}