{"id":12961,"date":"2017-07-13T01:31:40","date_gmt":"2017-07-13T06:31:40","guid":{"rendered":"http:\/\/elinformanteperu.com\/?p=12961"},"modified":"2017-07-13T01:31:40","modified_gmt":"2017-07-13T06:31:40","slug":"galarreta-fuerza-popular-tiene-voluntad-de-ayudar-a-destrabar-la-economia","status":"publish","type":"post","link":"https:\/\/elinformanteperu.com\/index.php\/2017\/07\/13\/galarreta-fuerza-popular-tiene-voluntad-de-ayudar-a-destrabar-la-economia\/","title":{"rendered":"Galarreta: Fuerza Popular tiene voluntad de ayudar a destrabar la econom\u00eda"},"content":{"rendered":"<p><strong><span style=\"color: #000000;\">La bancada de Fuerza Popular tiene la predisposici\u00f3n de apoyar al Poder Ejecutivo en la adopci\u00f3n de las medidas necesarias para destrabar la econom\u00eda, dijo su vocero Luis Galarreta.<\/span><\/strong><\/p>\n<p><span style=\"color: #000000;\"><strong>Lima, 12 Julio 2017, (ANDINA).-<\/strong> La bancada de Fuerza Popular tiene la predisposici\u00f3n de apoyar al Poder Ejecutivo en la adopci\u00f3n de las medidas necesarias para destrabar la econom\u00eda e impulsar temas fundamentales, como la lucha contra la corrupci\u00f3n, dijo su vocero Luis Galarreta.<\/span><\/p>\n<p><span style=\"color: #000000;\">Al comentar el di\u00e1logo que sostuvieron ayer el presidente Pedro Pablo Kuczynski y la lideresa de Fuerza Popular, Keiko Fujimori, coincidi\u00f3 en que se plantearon temas concretos , como la reconstrucci\u00f3n del norte del pa\u00eds, tras el paso del Ni\u00f1o Costero, y el tema econ\u00f3mico.<\/span><\/p>\n<p><span style=\"color: #000000;\">\u201cFuerza Popular se\u00f1al\u00f3, a trav\u00e9s de Keiko Fujimori, que en los casos de destrabar la econom\u00eda, estamos con predisposici\u00f3n, como lo hemos hecho con el ministro de Econom\u00eda anterior, que se le dio las facultades\u201d, dijo el legislador.<\/span><\/p>\n<p><span style=\"color: #000000;\">Agreg\u00f3 que, si existen iniciativas importantes como el fortalecimiento de entidades como la Sunat e Indecopi, se estudiar\u00e1n y apoyar\u00e1n, al igual que en los temas anticorrupci\u00f3n y de destrabe econ\u00f3mico.<\/span><\/p>\n<p><span style=\"color: #000000;\">\u201cCreo que en ambas personas (Kuczynski y Fujimori), cuando han terminado la reuni\u00f3n, ha habido optimismo en ambos lados. Nosotros como partido, a trav\u00e9s de nuestra lideresa, planteamos temas concretos\u201d, remarc\u00f3 Galarreta.<\/span><\/p>\n<p><span style=\"color: #000000;\">Precisamente, ayer el presidente Kuczynski y Keiko Fujimori se reunieron en la sede de Palacio de Gobierno, donde se abordaron temas medulares, como el proceso de reconstrucci\u00f3n, empleo y seguridad ciudadana, en los cuales hubo coincidencias de ambas partes.<\/span><\/p>\n<p><span style=\"color: #000000;\">Este fue el segundo encuentro entre ambos l\u00edderes pol\u00edticos, pues en diciembre del a\u00f1o 2016, tambi\u00e9n hubo una reuni\u00f3n, que tuvo como escenario el domicilio del cardenal Juan Luis Cipriani.<\/span><\/p>\n","protected":false},"excerpt":{"rendered":"<p>La bancada de Fuerza Popular tiene la predisposici\u00f3n de apoyar al Poder Ejecutivo en la adopci\u00f3n de las medidas necesarias para destrabar la econom\u00eda, dijo su vocero Luis Galarreta. Lima, 12 Julio 2017, (ANDINA).- La bancada de Fuerza Popular tiene la predisposici\u00f3n de apoyar al Poder Ejecutivo en la adopci\u00f3n de las medidas necesarias para [&hellip;]<\/p>\n","protected":false},"author":1,"featured_media":6827,"comment_status":"open","ping_status":"open","sticky":false,"template":"","format":"standard","meta":{"rop_custom_images_group":[],"rop_custom_messages_group":[],"rop_publish_now":"initial","rop_publish_now_accounts":[],"rop_publish_now_history":[],"rop_publish_now_status":"pending","footnotes":""},"categories":[5],"tags":[192,295,382,74],"class_list":["post-12961","post","type-post","status-publish","format-standard","has-post-thumbnail","hentry","category-actualidad-informativa","tag-congreso","tag-fuerza-popular","tag-luis-galarreta","tag-pedro-pablo-kuczynski"],"_links":{"self":[{"href":"https:\/\/elinformanteperu.com\/index.php\/wp-json\/wp\/v2\/posts\/12961","targetHints":{"allow":["GET"]}}],"collection":[{"href":"https:\/\/elinformanteperu.com\/index.php\/wp-json\/wp\/v2\/posts"}],"about":[{"href":"https:\/\/elinformanteperu.com\/index.php\/wp-json\/wp\/v2\/types\/post"}],"author":[{"embeddable":true,"href":"https:\/\/elinformanteperu.com\/index.php\/wp-json\/wp\/v2\/users\/1"}],"replies":[{"embeddable":true,"href":"https:\/\/elinformanteperu.com\/index.php\/wp-json\/wp\/v2\/comments?post=12961"}],"version-history":[{"count":1,"href":"https:\/\/elinformanteperu.com\/index.php\/wp-json\/wp\/v2\/posts\/12961\/revisions"}],"predecessor-version":[{"id":12962,"href":"https:\/\/elinformanteperu.com\/index.php\/wp-json\/wp\/v2\/posts\/12961\/revisions\/12962"}],"wp:featuredmedia":[{"embeddable":true,"href":"https:\/\/elinformanteperu.com\/index.php\/wp-json\/wp\/v2\/media\/6827"}],"wp:attachment":[{"href":"https:\/\/elinformanteperu.com\/index.php\/wp-json\/wp\/v2\/media?parent=12961"}],"wp:term":[{"taxonomy":"category","embeddable":true,"href":"https:\/\/elinformanteperu.com\/index.php\/wp-json\/wp\/v2\/categories?post=12961"},{"taxonomy":"post_tag","embeddable":true,"href":"https:\/\/elinformanteperu.com\/index.php\/wp-json\/wp\/v2\/tags?post=12961"}],"curies":[{"name":"wp","href":"https:\/\/api.w.org\/{rel}","templated":true}]}}