{"id":12956,"date":"2017-07-13T01:23:51","date_gmt":"2017-07-13T06:23:51","guid":{"rendered":"http:\/\/elinformanteperu.com\/?p=12956"},"modified":"2017-07-13T01:23:51","modified_gmt":"2017-07-13T06:23:51","slug":"cine-peruano-estas-son-las-cintas-que-se-proyectaran-en-el-22-festival-de-cine-de-lima","status":"publish","type":"post","link":"https:\/\/elinformanteperu.com\/index.php\/2017\/07\/13\/cine-peruano-estas-son-las-cintas-que-se-proyectaran-en-el-22-festival-de-cine-de-lima\/","title":{"rendered":"Cine peruano: estas son las cintas que se proyectar\u00e1n en el 22 Festival de Cine de Lima"},"content":{"rendered":"<p><strong><span style=\"color: #000000;\">El 22 Festival de Cine de Lima contar\u00e1 nuevamente con la secci\u00f3n \u00abHecho en el Per\u00fa\u00bb, que da cuenta de un n\u00famero significativo de pel\u00edculas peruanas.<\/span><\/strong><\/p>\n<p><span style=\"color: #000000;\"><strong>Lima, 12 Julio 2017, (ANDINA).-<\/strong> El 22 Festival de Cine de Lima contar\u00e1 nuevamente con la secci\u00f3n \u00abHecho en el Per\u00fa\u00bb, que da cuenta de un n\u00famero significativo de pel\u00edculas peruanas que aguardan su estreno y para las cuales el festival les otorga un espacio privilegiado.<\/span><\/p>\n<p><span style=\"color: #000000;\">Para los organizadores del Festival de Cine de Lima es importante que el p\u00fablico, tanto nacional como internacional, pueda apreciar la calidad de nuestra cinematograf\u00eda dando testimonio del desarrollo del cine peruano.<\/span><\/p>\n<p><span style=\"color: #000000;\">Este a\u00f1o el evento contar\u00e1 con igual n\u00famero de filmes de ficci\u00f3n y documentales, dando muestra as\u00ed del importante crecimiento del g\u00e9nero documental en la escena.<\/span><\/p>\n<p><span style=\"color: #000000;\">En esta edici\u00f3n se presentar\u00e1 adem\u00e1s una pel\u00edcula representando al cine regional, lo que denota el avance de la producci\u00f3n nacional m\u00e1s all\u00e1 del \u00e1mbito lime\u00f1o. Estas pel\u00edculas competir\u00e1n por el Premio del P\u00fablico y por el Premio del Ministerio de Cultura.<\/span><\/p>\n<p><span style=\"color: #000000;\">Una de las cintas en cartelera es \u00abDeliciosa fruta seca\u00bb. Nos narra la historia de Marialicia, un ama de casa, quien al enviudar y enfrentar dificultades econ\u00f3micas deber\u00e1 valerse por s\u00ed misma, descubriendo que a los 60 a\u00f1os ha llegado el momento de comenzar a vivir.<\/span><\/p>\n<p><span style=\"color: #000000;\">Los actores que podremos ver en esta cinta son Claudia Dammert, Hugo V\u00e1squez, M\u00f3nica Dom\u00ednguez, Mauricio Fernandini, Cynthia Calder\u00f3n, Natalia C\u00e1rdenas y Claudia Herr\u00e1n.<\/span><\/p>\n<p><span style=\"color: #000000;\">Tambi\u00e9n \u00abEl Abuelo\u00bb, dirigida por Gustavo Saavedra, que nos narra la historia de Cris\u00f3stomo, un hombre de 79 a\u00f1os. \u00c9l es un encantador vendedor jubilado, que enviud\u00f3 hace m\u00e1s de un a\u00f1o. Su cumplea\u00f1os se acerca y su hijo Alfonso (de 53 a\u00f1os), junto con sus nietos Santiago (de 30) y Jos\u00e9 Mar\u00eda (de 25) lo llevar\u00e1n de nuevo a su tierra, Huamachuco, la cual no visita hace m\u00e1s de 70 a\u00f1os.<\/span><\/p>\n<p><span style=\"color: #000000;\">El viaje lo har\u00e1n por carretera en la camioneta familiar y el abuelo les mostrar\u00e1 todos los lugares en los que vivi\u00f3 y la gente que dej\u00f3 atr\u00e1s para brindarles la vida que ahora tienen. Lo que su familia no sabe es que el abuelo tiene en mente mostrarles qui\u00e9n es \u00e9l realmente, aunque ello signifique perderlos.<\/span><\/p>\n<p><span style=\"color: #000000;\">\u00abWi\u00f1aypacha\u00bb, de Oscar Catacora, es un filme que narra la historia de Willka y Phaxsi, una pareja de ancianos de m\u00e1s de 80 a\u00f1os que viven abandonados en un lugar remoto de los Andes del Per\u00fa, a m\u00e1s de 5,000 metros de altura. Enfrentan la miseria y el inclemente paso del tiempo, rogando a sus dioses para que por fin llegue su \u00fanico hijo a rescatarlos.<\/span><\/p>\n<p><span style=\"color: #000000;\">Otra cinta es \u00abNada queda sino nuestra ternura\u00bb, del director S\u00e9bastien Jallade. La historia nace en un puente olvidado, una casa en ruinas, una melod\u00eda que uno quisiera volver a encontrar: para muchos, el conflicto armado de fines del siglo XX, en Per\u00fa, cambi\u00f3 para siempre el rostro del pa\u00eds. El territorio andino se convirti\u00f3 en el espejo de una memoria fragmentada, con la que es dif\u00edcil reconciliarse.<\/span><\/p>\n<p><iframe src=\"https:\/\/www.youtube-nocookie.com\/embed\/UUlJMYu_ISc?rel=0&amp;controls=0&amp;showinfo=0\" width=\"560\" height=\"315\" frameborder=\"0\" allowfullscreen=\"allowfullscreen\"><\/iframe><\/p>\n","protected":false},"excerpt":{"rendered":"<p>El 22 Festival de Cine de Lima contar\u00e1 nuevamente con la secci\u00f3n \u00abHecho en el Per\u00fa\u00bb, que da cuenta de un n\u00famero significativo de pel\u00edculas peruanas. Lima, 12 Julio 2017, (ANDINA).- El 22 Festival de Cine de Lima contar\u00e1 nuevamente con la secci\u00f3n \u00abHecho en el Per\u00fa\u00bb, que da cuenta de un n\u00famero significativo de [&hellip;]<\/p>\n","protected":false},"author":1,"featured_media":12957,"comment_status":"open","ping_status":"open","sticky":false,"template":"","format":"standard","meta":{"rop_custom_images_group":[],"rop_custom_messages_group":[],"rop_publish_now":"initial","rop_publish_now_accounts":[],"rop_publish_now_history":[],"rop_publish_now_status":"pending","footnotes":""},"categories":[7],"tags":[1877],"class_list":["post-12956","post","type-post","status-publish","format-standard","has-post-thumbnail","hentry","category-butaca","tag-festival-de-cine-de-lima-2017"],"_links":{"self":[{"href":"https:\/\/elinformanteperu.com\/index.php\/wp-json\/wp\/v2\/posts\/12956","targetHints":{"allow":["GET"]}}],"collection":[{"href":"https:\/\/elinformanteperu.com\/index.php\/wp-json\/wp\/v2\/posts"}],"about":[{"href":"https:\/\/elinformanteperu.com\/index.php\/wp-json\/wp\/v2\/types\/post"}],"author":[{"embeddable":true,"href":"https:\/\/elinformanteperu.com\/index.php\/wp-json\/wp\/v2\/users\/1"}],"replies":[{"embeddable":true,"href":"https:\/\/elinformanteperu.com\/index.php\/wp-json\/wp\/v2\/comments?post=12956"}],"version-history":[{"count":1,"href":"https:\/\/elinformanteperu.com\/index.php\/wp-json\/wp\/v2\/posts\/12956\/revisions"}],"predecessor-version":[{"id":12958,"href":"https:\/\/elinformanteperu.com\/index.php\/wp-json\/wp\/v2\/posts\/12956\/revisions\/12958"}],"wp:featuredmedia":[{"embeddable":true,"href":"https:\/\/elinformanteperu.com\/index.php\/wp-json\/wp\/v2\/media\/12957"}],"wp:attachment":[{"href":"https:\/\/elinformanteperu.com\/index.php\/wp-json\/wp\/v2\/media?parent=12956"}],"wp:term":[{"taxonomy":"category","embeddable":true,"href":"https:\/\/elinformanteperu.com\/index.php\/wp-json\/wp\/v2\/categories?post=12956"},{"taxonomy":"post_tag","embeddable":true,"href":"https:\/\/elinformanteperu.com\/index.php\/wp-json\/wp\/v2\/tags?post=12956"}],"curies":[{"name":"wp","href":"https:\/\/api.w.org\/{rel}","templated":true}]}}