{"id":12954,"date":"2017-07-13T01:19:23","date_gmt":"2017-07-13T06:19:23","guid":{"rendered":"http:\/\/elinformanteperu.com\/?p=12954"},"modified":"2017-07-13T01:19:23","modified_gmt":"2017-07-13T06:19:23","slug":"las-malvinas-denuncian-a-jonny-coico-y-su-esposa-por-muerte-de-jovenes-en-contenedor","status":"publish","type":"post","link":"https:\/\/elinformanteperu.com\/index.php\/2017\/07\/13\/las-malvinas-denuncian-a-jonny-coico-y-su-esposa-por-muerte-de-jovenes-en-contenedor\/","title":{"rendered":"Las Malvinas: denuncian a Jonny Coico y su esposa por muerte de j\u00f3venes en contenedor"},"content":{"rendered":"<p><strong><span style=\"color: #000000;\">El Ministerio P\u00fablico formaliz\u00f3 denuncia penal contra Jonny Coico Sirlopu y Vilma Ze\u00f1a Santamar\u00eda, arrendatarios del contenedor ubicado en el \u00faltimo nivel de la galer\u00eda Nicolini.<\/span><\/strong><\/p>\n<p><span style=\"color: #000000;\"><strong>Lima, 12 Julio 2017, (ANDINA).-<\/strong> El Ministerio P\u00fablico formaliz\u00f3 denuncia penal contra Jonny Coico Sirlopu y Vilma Ze\u00f1a Santamar\u00eda, arrendatarios del contenedor ubicado en el \u00faltimo nivel de la galer\u00eda Nicolini en el que laboraban cinco trabajadores, dos de los cuales fallecieron durante el incendio ocurrido en dicha zona el pasado 22 de junio.<\/span><\/p>\n<p><span style=\"color: #000000;\">La denuncia fue presentada por la titular del Equipo 2 de la Fiscal\u00eda Provincial Corporativa Especializada en delito de Trata de Personas de Lima, Berenice Romero, quien formul\u00f3 cargos por presuntos delitos de trata de personas con fines de explotaci\u00f3n laboral y explotaci\u00f3n laboral.<\/span><\/p>\n<p><span style=\"color: #000000;\">La medida, presentada ante la Mesa de Partes del Juzgado Penal de Turno Permanente de Lima, incluye el pedido para que se imponga nueve meses de prisi\u00f3n preventiva contra ambos, a fin de asegurar su presencia en el proceso penal.<\/span><\/p>\n<p><span style=\"color: #000000;\">Entre los elementos presentados por la representante del Ministerio P\u00fablico, destacan las im\u00e1genes registradas en el celular de uno de los agraviados en las que se pudo apreciar las condiciones en que laboraban diariamente en jornadas superiores a diez horas.<\/span><\/p>\n<p><span style=\"color: #000000;\">Asimismo, los resultados de la inspecci\u00f3n t\u00e9cnico \u2013 policial dirigida por la fiscal Romero el pasado 8 de julio, en la que se pudo constatar las dif\u00edciles condiciones en que desempe\u00f1aban sus funciones, bajo encierro.<\/span><\/p>\n<p><span style=\"color: #000000;\">Como se recuerda, la semana pasada el Ministerio P\u00fablico consigui\u00f3 que se dicte siete d\u00edas de detenci\u00f3n preliminar contra Coico Sirlopu y Ze\u00f1a Santamar\u00eda.<\/span><\/p>\n<p><span style=\"color: #000000;\">El tiempo permiti\u00f3 reunir suficientes elementos de convicci\u00f3n que acreditar\u00edan su responsabilidad en los hechos que desencadenaron en el lamentable deceso de las dos v\u00edctimas del incendio.<\/span><\/p>\n","protected":false},"excerpt":{"rendered":"<p>El Ministerio P\u00fablico formaliz\u00f3 denuncia penal contra Jonny Coico Sirlopu y Vilma Ze\u00f1a Santamar\u00eda, arrendatarios del contenedor ubicado en el \u00faltimo nivel de la galer\u00eda Nicolini. Lima, 12 Julio 2017, (ANDINA).- El Ministerio P\u00fablico formaliz\u00f3 denuncia penal contra Jonny Coico Sirlopu y Vilma Ze\u00f1a Santamar\u00eda, arrendatarios del contenedor ubicado en el \u00faltimo nivel de la [&hellip;]<\/p>\n","protected":false},"author":1,"featured_media":12233,"comment_status":"open","ping_status":"open","sticky":false,"template":"","format":"standard","meta":{"rop_custom_images_group":[],"rop_custom_messages_group":[],"rop_publish_now":"initial","rop_publish_now_accounts":[],"rop_publish_now_history":[],"rop_publish_now_status":"pending","footnotes":""},"categories":[5],"tags":[1785,1888,1540,370,1889],"class_list":["post-12954","post","type-post","status-publish","format-standard","has-post-thumbnail","hentry","category-actualidad-informativa","tag-incendios","tag-jonny-coico-sirlopu","tag-las-malvinas","tag-ministerio-publico","tag-vilma-zena-santamaria"],"_links":{"self":[{"href":"https:\/\/elinformanteperu.com\/index.php\/wp-json\/wp\/v2\/posts\/12954","targetHints":{"allow":["GET"]}}],"collection":[{"href":"https:\/\/elinformanteperu.com\/index.php\/wp-json\/wp\/v2\/posts"}],"about":[{"href":"https:\/\/elinformanteperu.com\/index.php\/wp-json\/wp\/v2\/types\/post"}],"author":[{"embeddable":true,"href":"https:\/\/elinformanteperu.com\/index.php\/wp-json\/wp\/v2\/users\/1"}],"replies":[{"embeddable":true,"href":"https:\/\/elinformanteperu.com\/index.php\/wp-json\/wp\/v2\/comments?post=12954"}],"version-history":[{"count":1,"href":"https:\/\/elinformanteperu.com\/index.php\/wp-json\/wp\/v2\/posts\/12954\/revisions"}],"predecessor-version":[{"id":12955,"href":"https:\/\/elinformanteperu.com\/index.php\/wp-json\/wp\/v2\/posts\/12954\/revisions\/12955"}],"wp:featuredmedia":[{"embeddable":true,"href":"https:\/\/elinformanteperu.com\/index.php\/wp-json\/wp\/v2\/media\/12233"}],"wp:attachment":[{"href":"https:\/\/elinformanteperu.com\/index.php\/wp-json\/wp\/v2\/media?parent=12954"}],"wp:term":[{"taxonomy":"category","embeddable":true,"href":"https:\/\/elinformanteperu.com\/index.php\/wp-json\/wp\/v2\/categories?post=12954"},{"taxonomy":"post_tag","embeddable":true,"href":"https:\/\/elinformanteperu.com\/index.php\/wp-json\/wp\/v2\/tags?post=12954"}],"curies":[{"name":"wp","href":"https:\/\/api.w.org\/{rel}","templated":true}]}}