{"id":129533,"date":"2024-12-02T23:10:21","date_gmt":"2024-12-03T04:10:21","guid":{"rendered":"https:\/\/elinformanteperu.com\/?p=129533"},"modified":"2024-12-03T07:38:18","modified_gmt":"2024-12-03T12:38:18","slug":"atu-alista-titulos-habilitantes-que-otorgaran-estabilidad-juridica-a-operadores-de-transporte","status":"publish","type":"post","link":"https:\/\/elinformanteperu.com\/index.php\/2024\/12\/02\/atu-alista-titulos-habilitantes-que-otorgaran-estabilidad-juridica-a-operadores-de-transporte\/","title":{"rendered":"ATU alista t\u00edtulos habilitantes que otorgar\u00e1n estabilidad jur\u00eddica a operadores de transporte"},"content":{"rendered":"<p><strong><span style=\"color: #000000;\">El titular de la entidad, David Hern\u00e1ndez, explic\u00f3 que esta medida permitir\u00e1 fortalecer a las empresas formales de transporte para que puedan renovar su flota y mejorar el servicio.<\/span><\/strong><\/p>\n<p><span style=\"color: #000000;\"><strong>Lima, 2 Diciembre 2024, (El Informante Per\u00fa).-<\/strong> La Autoridad de Transporte Urbano para Lima y Callao (ATU), entidad adscrita al Ministerio de Transportes y Comunicaciones (MTC), se alista para empezar a otorgar, en el primer trimestre del pr\u00f3ximo a\u00f1o, t\u00edtulos habilitantes a las empresas de transporte convencional, con lo que estas podr\u00e1n tener la estabilidad jur\u00eddica necesaria para planificar sus inversiones y modernizar el servicio en beneficio de la ciudadan\u00eda.<\/span><\/p>\n<p><span style=\"color: #000000;\">\u201cEsta es una medida que nuestros transportistas formales vienen esperando desde 2003 y hoy, despu\u00e9s de 21 a\u00f1os, ya es una realidad\u201d, destac\u00f3 el presidente ejecutivo de la ATU, David Hern\u00e1ndez, durante el II Foro \u201cCiudades Inteligentes: Sistema Integrado de Transporte, por una mejor calidad de vida\u201d, que organiz\u00f3 la ONG Luz \u00c1mbar.<\/span><\/p>\n<p><span style=\"color: #000000;\">Agreg\u00f3 que una de las primeras decisiones que adopt\u00f3 al asumir el cargo fue la de concretar la entrega de estos t\u00edtulos habilitantes que se dar\u00e1n en el marco del r\u00e9gimen excepcional de autorizaciones que establece nuevas condiciones y requisitos para operar las rutas de transporte urbano en Lima y Callao por cinco a\u00f1os.<\/span><\/p>\n<p><a href=\"https:\/\/elinformanteperu.com\/wp-content\/uploads\/2024\/12\/atu-david-hernandez1.png\"><img fetchpriority=\"high\" decoding=\"async\" class=\"size-full wp-image-129536 aligncenter\" src=\"https:\/\/elinformanteperu.com\/wp-content\/uploads\/2024\/12\/atu-david-hernandez1.png\" alt=\"\" width=\"660\" height=\"390\" srcset=\"https:\/\/elinformanteperu.com\/wp-content\/uploads\/2024\/12\/atu-david-hernandez1.png 660w, https:\/\/elinformanteperu.com\/wp-content\/uploads\/2024\/12\/atu-david-hernandez1-300x177.png 300w\" sizes=\"(max-width: 660px) 100vw, 660px\" \/><\/a><span style=\"color: #000000;\">Hern\u00e1ndez explic\u00f3 que este marco legal permitir\u00e1 el fortalecimiento empresarial de los operadores de transporte convencional, alentar\u00e1 la formalizaci\u00f3n y mejorar\u00e1 la cobertura y prestaci\u00f3n de los servicios bajo un nuevo Plan Regulador de Rutas.<\/span><\/p>\n<p><span style=\"color: #000000;\">Durante el foro, anunci\u00f3 tambi\u00e9n la reducci\u00f3n y estandarizaci\u00f3n de las multas por infracciones a las normas de transporte, tras explicar que la ATU es un organismo t\u00e9cnico que busca la eficiencia y competitividad del sistema de transporte y no es un ente recaudador.<\/span><\/p>\n<p><span style=\"color: #000000;\">Adem\u00e1s, en el foro \u201c\u00bfC\u00f3mo lograr un Sistema Integrado de Transporte P\u00fablico en Lima y Callao?\u201d, organizados a la asociaci\u00f3n A Movernos, destac\u00f3 el trabajo conjunto de la entidad que dirige con la Municipalidad Metropolitana de Lima (MML) y el MTC para destrabar los proyectos de infraestructura que la ciudad necesita.<\/span><\/p>\n<p><span style=\"color: #000000;\">Por \u00faltimo, el presidente de la ATU reafirm\u00f3 su compromiso de trabajar por un mejor transporte, por lo que se\u00f1al\u00f3 que su gesti\u00f3n apuesta por resultados medibles a trav\u00e9s de indicadores como una mejor cobertura, la reducci\u00f3n de los tiempos de viaje y de los costos de transporte para los ciudadanos, el incremento de la flota de veh\u00edculos de alta ocupaci\u00f3n y mejores condiciones laborales para los conductores, entre otros.<\/span><\/p>\n","protected":false},"excerpt":{"rendered":"<p>El titular de la entidad, David Hern\u00e1ndez, explic\u00f3 que esta medida permitir\u00e1 fortalecer a las empresas formales de transporte para que puedan renovar su flota y mejorar el servicio. Lima, 2 Diciembre 2024, (El Informante Per\u00fa).- La Autoridad de Transporte Urbano para Lima y Callao (ATU), entidad adscrita al Ministerio de Transportes y Comunicaciones (MTC), [&hellip;]<\/p>\n","protected":false},"author":1,"featured_media":129534,"comment_status":"closed","ping_status":"closed","sticky":false,"template":"","format":"standard","meta":{"rop_custom_images_group":[],"rop_custom_messages_group":[],"rop_publish_now":"initial","rop_publish_now_accounts":[],"rop_publish_now_history":[],"rop_publish_now_status":"pending","footnotes":""},"categories":[10],"tags":[5422,4559,7954],"class_list":["post-129533","post","type-post","status-publish","format-standard","has-post-thumbnail","hentry","category-actualidad-municipal","tag-atu","tag-autoridad-de-transporte-urbano","tag-david-hernandez"],"_links":{"self":[{"href":"https:\/\/elinformanteperu.com\/index.php\/wp-json\/wp\/v2\/posts\/129533","targetHints":{"allow":["GET"]}}],"collection":[{"href":"https:\/\/elinformanteperu.com\/index.php\/wp-json\/wp\/v2\/posts"}],"about":[{"href":"https:\/\/elinformanteperu.com\/index.php\/wp-json\/wp\/v2\/types\/post"}],"author":[{"embeddable":true,"href":"https:\/\/elinformanteperu.com\/index.php\/wp-json\/wp\/v2\/users\/1"}],"replies":[{"embeddable":true,"href":"https:\/\/elinformanteperu.com\/index.php\/wp-json\/wp\/v2\/comments?post=129533"}],"version-history":[{"count":2,"href":"https:\/\/elinformanteperu.com\/index.php\/wp-json\/wp\/v2\/posts\/129533\/revisions"}],"predecessor-version":[{"id":129575,"href":"https:\/\/elinformanteperu.com\/index.php\/wp-json\/wp\/v2\/posts\/129533\/revisions\/129575"}],"wp:featuredmedia":[{"embeddable":true,"href":"https:\/\/elinformanteperu.com\/index.php\/wp-json\/wp\/v2\/media\/129534"}],"wp:attachment":[{"href":"https:\/\/elinformanteperu.com\/index.php\/wp-json\/wp\/v2\/media?parent=129533"}],"wp:term":[{"taxonomy":"category","embeddable":true,"href":"https:\/\/elinformanteperu.com\/index.php\/wp-json\/wp\/v2\/categories?post=129533"},{"taxonomy":"post_tag","embeddable":true,"href":"https:\/\/elinformanteperu.com\/index.php\/wp-json\/wp\/v2\/tags?post=129533"}],"curies":[{"name":"wp","href":"https:\/\/api.w.org\/{rel}","templated":true}]}}