{"id":129408,"date":"2024-11-30T01:53:17","date_gmt":"2024-11-30T06:53:17","guid":{"rendered":"https:\/\/elinformanteperu.com\/?p=129408"},"modified":"2024-11-30T01:53:17","modified_gmt":"2024-11-30T06:53:17","slug":"congreso-admiten-a-tramite-nueva-denuncia-contra-exintegrantes-de-jnj","status":"publish","type":"post","link":"https:\/\/elinformanteperu.com\/index.php\/2024\/11\/30\/congreso-admiten-a-tramite-nueva-denuncia-contra-exintegrantes-de-jnj\/","title":{"rendered":"Congreso: admiten a tr\u00e1mite nueva denuncia contra exintegrantes de JNJ"},"content":{"rendered":"<p><strong><span style=\"color: #000000;\">Patricia Chirinos y Jorge Montoya los denuncian por supuesta omisi\u00f3n de funciones<\/span><\/strong><\/p>\n<p><span style=\"color: #000000;\"><strong>Lima, 29 Noviembre 2024, (ANDINA).-<\/strong> La Subcomisi\u00f3n de Acusaciones Constitucionales del Congreso admiti\u00f3 a tr\u00e1mite una denuncia constitucional planteada contra los exmiembros de la Junta Nacional de Justicia, por supuesta comisi\u00f3n de los delitos de omisi\u00f3n, \u00abrehusamiento\u00bb y demora de actos funcionales.<\/span><\/p>\n<p><span style=\"color: #000000;\">El recurso obtuvo la aprobaci\u00f3n de los miembros de dicho subgrupo parlamentario, luego de que fuera expuesto el informe por el cual se declaraba procedente su tr\u00e1mite.<\/span><\/p>\n<p><span style=\"color: #000000;\">Sus autores son los congresistas Patricia Chirinos (Avanza Pa\u00eds) y Jorge Montoya (HyS), quienes imputan a los miembros de la JNJ los referidos delitos; as\u00ed como haber infringido los art\u00edculos 38, 39 y 154 de la Constituci\u00f3n.<\/span><\/p>\n<p><span style=\"color: #000000;\">Seg\u00fan la denuncia, los integrantes del referido colegiado no cumplieron con presentar sus informes anuales de gesti\u00f3n ante el Congreso.<\/span><\/p>\n<p><span style=\"color: #000000;\">Ello ocurri\u00f3 respecto al 2020, 2021 y 2022, se indica. Al solicitar los referidos parlamentarios el cumplimiento de dicho tr\u00e1mite ello no se dio, se indica.<\/span><\/p>\n<p><strong><span style=\"color: #000000;\">Informes para elaborar<\/span><\/strong><\/p>\n<p><span style=\"color: #000000;\">Durante la sesi\u00f3n tambi\u00e9n se deleg\u00f3 a diversos congresistas elaborar los informes finales sobre denuncias constitucionales previamente admitidas a tr\u00e1mite y declaradas procedentes.<\/span><\/p>\n<p><span style=\"color: #000000;\">As\u00ed, Patricia Chirinos elaborar\u00e1 el informe sobre la denuncia interpuesta por infracci\u00f3n constitucional contra el expresidente Pedro Castillo y tres de sus exministros, incluido el actual congresista Guido Bellido.<\/span><\/p>\n<p><span style=\"color: #000000;\">Asimismo, Jorge Montoya har\u00e1 lo propio respecto a la denuncia planteada por la Fiscal\u00eda de la Naci\u00f3n contra el expresidente Mart\u00edn Vizcarra por falsedad gen\u00e9rica y omisi\u00f3n de consignar declaraciones en documentos.<\/span><\/p>\n<p><span style=\"color: #000000;\">La legisladora Nilza Chac\u00f3n (FP) sustentar\u00e1 el informe sobre la denuncia presentada por la fiscal\u00eda contra el exministro Carlos Mor\u00e1n, por falsedad ideol\u00f3gica; mientras que Luis Arag\u00f3n (AP) presentar\u00e1 el informe sobre la denuncia que por tr\u00e1fico de influencias el Ministerio P\u00fablico interpuso contra la fiscal Marita Barreto.<\/span><\/p>\n<p><span style=\"color: #000000;\">La denuncia de las Fiscal\u00eda de la Naci\u00f3n contra los congresistas Ra\u00fal Doroteo, Elvis Vergara, Jorge Luis Flores y Darwin Espinoza, por delito de tr\u00e1fico de influencias agravado, corresponder\u00e1 ser materia de un informe a cargo de Jos\u00e9 Jeri (SP).<\/span><\/p>\n<p><span style=\"color: #000000;\">Los informes sobre las denuncias planteadas contra Edgar Tello (BM) por tr\u00e1fico de influencias agravado y contra Mar\u00eda Jon Tay por cohecho y concusi\u00f3n, los elaborar\u00e1n Adriana Or\u00e9 (PP) y Esdras Medina (RP), respectivamente.<\/span><\/p>\n","protected":false},"excerpt":{"rendered":"<p>Patricia Chirinos y Jorge Montoya los denuncian por supuesta omisi\u00f3n de funciones Lima, 29 Noviembre 2024, (ANDINA).- La Subcomisi\u00f3n de Acusaciones Constitucionales del Congreso admiti\u00f3 a tr\u00e1mite una denuncia constitucional planteada contra los exmiembros de la Junta Nacional de Justicia, por supuesta comisi\u00f3n de los delitos de omisi\u00f3n, \u00abrehusamiento\u00bb y demora de actos funcionales. El [&hellip;]<\/p>\n","protected":false},"author":1,"featured_media":129409,"comment_status":"closed","ping_status":"closed","sticky":false,"template":"","format":"standard","meta":{"rop_custom_images_group":[],"rop_custom_messages_group":[],"rop_publish_now":"initial","rop_publish_now_accounts":[],"rop_publish_now_history":[],"rop_publish_now_status":"pending","footnotes":""},"categories":[5],"tags":[192,3693,3573],"class_list":["post-129408","post","type-post","status-publish","format-standard","has-post-thumbnail","hentry","category-actualidad-informativa","tag-congreso","tag-jnj","tag-junta-nacional-de-justicia"],"_links":{"self":[{"href":"https:\/\/elinformanteperu.com\/index.php\/wp-json\/wp\/v2\/posts\/129408","targetHints":{"allow":["GET"]}}],"collection":[{"href":"https:\/\/elinformanteperu.com\/index.php\/wp-json\/wp\/v2\/posts"}],"about":[{"href":"https:\/\/elinformanteperu.com\/index.php\/wp-json\/wp\/v2\/types\/post"}],"author":[{"embeddable":true,"href":"https:\/\/elinformanteperu.com\/index.php\/wp-json\/wp\/v2\/users\/1"}],"replies":[{"embeddable":true,"href":"https:\/\/elinformanteperu.com\/index.php\/wp-json\/wp\/v2\/comments?post=129408"}],"version-history":[{"count":1,"href":"https:\/\/elinformanteperu.com\/index.php\/wp-json\/wp\/v2\/posts\/129408\/revisions"}],"predecessor-version":[{"id":129410,"href":"https:\/\/elinformanteperu.com\/index.php\/wp-json\/wp\/v2\/posts\/129408\/revisions\/129410"}],"wp:featuredmedia":[{"embeddable":true,"href":"https:\/\/elinformanteperu.com\/index.php\/wp-json\/wp\/v2\/media\/129409"}],"wp:attachment":[{"href":"https:\/\/elinformanteperu.com\/index.php\/wp-json\/wp\/v2\/media?parent=129408"}],"wp:term":[{"taxonomy":"category","embeddable":true,"href":"https:\/\/elinformanteperu.com\/index.php\/wp-json\/wp\/v2\/categories?post=129408"},{"taxonomy":"post_tag","embeddable":true,"href":"https:\/\/elinformanteperu.com\/index.php\/wp-json\/wp\/v2\/tags?post=129408"}],"curies":[{"name":"wp","href":"https:\/\/api.w.org\/{rel}","templated":true}]}}