{"id":129405,"date":"2024-11-30T01:49:31","date_gmt":"2024-11-30T06:49:31","guid":{"rendered":"https:\/\/elinformanteperu.com\/?p=129405"},"modified":"2024-11-30T01:49:31","modified_gmt":"2024-11-30T06:49:31","slug":"entra-en-vigor-acuerdo-entre-peru-y-corea-para-realizar-vuelos-aereos-entre-ambos-paises","status":"publish","type":"post","link":"https:\/\/elinformanteperu.com\/index.php\/2024\/11\/30\/entra-en-vigor-acuerdo-entre-peru-y-corea-para-realizar-vuelos-aereos-entre-ambos-paises\/","title":{"rendered":"Entra en vigor acuerdo entre Per\u00fa y Corea para realizar vuelos a\u00e9reos entre ambos pa\u00edses"},"content":{"rendered":"<p><strong><span style=\"color: #000000;\">A partir del 13 de diciembre<\/span><\/strong><\/p>\n<p><span style=\"color: #000000;\"><strong>Lima, 29 Noviembre 2024, (ANDINA).-<\/strong> A partir del 13 de diciembre del presente a\u00f1o entrar\u00e1 en vigor el \u00abAcuerdo entre Per\u00fa y Corea sobre servicios a\u00e9reos entre sus territorios y m\u00e1s all\u00e1 de ellos\u00bb, firmado por los gobiernos de ambos pa\u00edses<\/span><\/p>\n<p><span style=\"color: #000000;\">As\u00ed se establece en un documento publicado hoy en la separata Normas Legales del Diario Oficial El Peruano.<\/span><\/p>\n<p><span style=\"color: #000000;\">Dicho instrumento fue ratificado mediante el Decreto Supremo 053-2024-RE, publicado el 12 de noviembre del presente a\u00f1o.<\/span><\/p>\n<p><span style=\"color: #000000;\">El acuerdo mencionado fue suscrito el 18 de abril del 2023 en Se\u00fal, capital de Corea.<\/span><\/p>\n<p><span style=\"color: #000000;\">Los firmantes en esa ocasi\u00f3n fueron el viceministro de Relaciones Exteriores del Per\u00fa, Ignacio Higueras, y el segundo viceministro de Relaciones Exteriores de Corea, Lee Do-Hoon.<\/span><\/p>\n<p><strong><span style=\"color: #000000;\">T\u00e9rminos del acuerdo<\/span><\/strong><\/p>\n<p><span style=\"color: #000000;\">En el acuerdo se establece que las aerol\u00edneas que designen los gobiernos de Per\u00fa y Corea, respectivamente, \u201ctendr\u00e1n derecho a operar servicios a\u00e9reos internacionales regulares\u201d partiendo desde cualquier punto del territorio peruano hacia cualquier lugar del territorio coreano, y viceversa.<\/span><\/p>\n<p><span style=\"color: #000000;\">Entre otros aspectos, en el acuerdo se indica que los precios del transporte a\u00e9reo de pasajeros y de carga \u201cse fijar\u00e1n de conformidad con la legislaci\u00f3n nacional del pa\u00eds en que se originen esos vuelos\u201d.<\/span><\/p>\n<p><span style=\"color: #000000;\">Estos ser\u00e1n fijados por las aerol\u00edneas respectivas, basadas en \u201cconsideraciones comerciales en el mercado\u201d.<\/span><\/p>\n<p><a href=\"https:\/\/elinformanteperu.com\/wp-content\/uploads\/2021\/05\/avion-noche.jpg\"><img fetchpriority=\"high\" decoding=\"async\" class=\"size-large wp-image-99015 aligncenter\" src=\"https:\/\/elinformanteperu.com\/wp-content\/uploads\/2021\/05\/avion-noche-1024x683.jpg\" alt=\"\" width=\"615\" height=\"410\" srcset=\"https:\/\/elinformanteperu.com\/wp-content\/uploads\/2021\/05\/avion-noche-1024x683.jpg 1024w, https:\/\/elinformanteperu.com\/wp-content\/uploads\/2021\/05\/avion-noche-300x200.jpg 300w, https:\/\/elinformanteperu.com\/wp-content\/uploads\/2021\/05\/avion-noche-768x512.jpg 768w, https:\/\/elinformanteperu.com\/wp-content\/uploads\/2021\/05\/avion-noche-1536x1024.jpg 1536w, https:\/\/elinformanteperu.com\/wp-content\/uploads\/2021\/05\/avion-noche.jpg 1800w\" sizes=\"(max-width: 615px) 100vw, 615px\" \/><\/a><\/p>\n","protected":false},"excerpt":{"rendered":"<p>A partir del 13 de diciembre Lima, 29 Noviembre 2024, (ANDINA).- A partir del 13 de diciembre del presente a\u00f1o entrar\u00e1 en vigor el \u00abAcuerdo entre Per\u00fa y Corea sobre servicios a\u00e9reos entre sus territorios y m\u00e1s all\u00e1 de ellos\u00bb, firmado por los gobiernos de ambos pa\u00edses As\u00ed se establece en un documento publicado hoy [&hellip;]<\/p>\n","protected":false},"author":1,"featured_media":129406,"comment_status":"closed","ping_status":"closed","sticky":false,"template":"","format":"standard","meta":{"rop_custom_images_group":[],"rop_custom_messages_group":[],"rop_publish_now":"initial","rop_publish_now_accounts":[],"rop_publish_now_history":[],"rop_publish_now_status":"pending","footnotes":""},"categories":[5],"tags":[3269,1421],"class_list":["post-129405","post","type-post","status-publish","format-standard","has-post-thumbnail","hentry","category-actualidad-informativa","tag-corea-del-sur","tag-poder-ejecutivo"],"_links":{"self":[{"href":"https:\/\/elinformanteperu.com\/index.php\/wp-json\/wp\/v2\/posts\/129405","targetHints":{"allow":["GET"]}}],"collection":[{"href":"https:\/\/elinformanteperu.com\/index.php\/wp-json\/wp\/v2\/posts"}],"about":[{"href":"https:\/\/elinformanteperu.com\/index.php\/wp-json\/wp\/v2\/types\/post"}],"author":[{"embeddable":true,"href":"https:\/\/elinformanteperu.com\/index.php\/wp-json\/wp\/v2\/users\/1"}],"replies":[{"embeddable":true,"href":"https:\/\/elinformanteperu.com\/index.php\/wp-json\/wp\/v2\/comments?post=129405"}],"version-history":[{"count":1,"href":"https:\/\/elinformanteperu.com\/index.php\/wp-json\/wp\/v2\/posts\/129405\/revisions"}],"predecessor-version":[{"id":129407,"href":"https:\/\/elinformanteperu.com\/index.php\/wp-json\/wp\/v2\/posts\/129405\/revisions\/129407"}],"wp:featuredmedia":[{"embeddable":true,"href":"https:\/\/elinformanteperu.com\/index.php\/wp-json\/wp\/v2\/media\/129406"}],"wp:attachment":[{"href":"https:\/\/elinformanteperu.com\/index.php\/wp-json\/wp\/v2\/media?parent=129405"}],"wp:term":[{"taxonomy":"category","embeddable":true,"href":"https:\/\/elinformanteperu.com\/index.php\/wp-json\/wp\/v2\/categories?post=129405"},{"taxonomy":"post_tag","embeddable":true,"href":"https:\/\/elinformanteperu.com\/index.php\/wp-json\/wp\/v2\/tags?post=129405"}],"curies":[{"name":"wp","href":"https:\/\/api.w.org\/{rel}","templated":true}]}}