{"id":129402,"date":"2024-11-30T01:44:21","date_gmt":"2024-11-30T06:44:21","guid":{"rendered":"https:\/\/elinformanteperu.com\/?p=129402"},"modified":"2024-11-30T01:44:21","modified_gmt":"2024-11-30T06:44:21","slug":"unos-5600-efectivos-de-las-ff-aa-continuaran-reforzando-la-seguridad-en-lima-y-callao","status":"publish","type":"post","link":"https:\/\/elinformanteperu.com\/index.php\/2024\/11\/30\/unos-5600-efectivos-de-las-ff-aa-continuaran-reforzando-la-seguridad-en-lima-y-callao\/","title":{"rendered":"Unos 5,600 efectivos de las FF. AA. continuar\u00e1n reforzando la seguridad en Lima y Callao"},"content":{"rendered":"<p><strong><span style=\"color: #000000;\">En apoyo a la PNP en el marco de la ampliaci\u00f3n del estado de emergencia por 45 d\u00edas<\/span><\/strong><\/p>\n<p><span style=\"color: #000000;\"><strong>Lima, 29 Noviembre 2024, (ANDINA).-<\/strong> Tras la ampliaci\u00f3n de la declaratoria del estado de emergencia por 45 d\u00edas calendario en 14 distritos de Lima Metropolitana y Callao, dispuesto por el Gobierno Nacional, un total de 5,600 efectivos de las Fuerzas Armadas continuar\u00e1n reforzando las acciones de seguridad ciudadana en apoyo a la Polic\u00eda Nacional del Per\u00fa.<\/span><\/p>\n<p><span style=\"color: #000000;\">Precisamente, el Ministerio de Defensa, a trav\u00e9s del Comando Conjunto de las Fuerzas Armadas, ha dispuesto que el Comando Operacional del Centro, Comando Operacional Mar\u00edtimo y el Comando Operacional A\u00e9reo, desplacen sus capacidades operativas y recursos humanos para potenciar las acciones previstas contra la inseguridad.<\/span><\/p>\n<p><span style=\"color: #000000;\">De acuerdo al Decreto Supremo 129-2024-PCM, los distritos que mantendr\u00e1n esta condici\u00f3n son: Ate, Anc\u00f3n, Carabayllo, Comas, Independencia, Los Olivos, Lurigancho-Chosica, Puente Piedra, R\u00edmac, San Mart\u00edn de Porres, San Juan de Lurigancho, Santa Rosa y Villa El Salvador, adem\u00e1s del distrito de Ventanilla.<\/span><\/p>\n<p><span style=\"color: #000000;\">La primera vez que el Gobierno declar\u00f3 estado de emergencia en estas jurisdicciones fue el pasado 27 de setiembre, a trav\u00e9s del Decreto Supremo 100-2024-PCM, por 60 d\u00edas, que se venc\u00edan el 27 de noviembre. A trav\u00e9s de este nuevo decreto, se reitera que la PNP mantiene el control del orden interno con el apoyo de las FF. AA.<\/span><\/p>\n<p><span style=\"color: #000000;\">En este contexto, los efectivos militares de los comandos operacionales correspondientes, ejecutar\u00e1n distintos desplazamientos en los distritos antes mencionados, realizando labores de vigilancia, patrullaje y control de identidad con el objetivo de ubicar a personas con requisitorias, entre otras medidas estrat\u00e9gicas coordinadas.<\/span><\/p>\n<p><span style=\"color: #000000;\">Las acciones de control ejecutadas en los distritos declarados en emergencia, han permitido prevenir y enfrentar actividades que atentan contra la inseguridad de los ciudadanos. As\u00ed se vio reflejado, adem\u00e1s, durante el foro APEC 2024, donde las Fuerzas Armadas brindaron apoyo a la Polic\u00eda Nacional para reforzar las acciones de seguridad.<\/span><\/p>\n","protected":false},"excerpt":{"rendered":"<p>En apoyo a la PNP en el marco de la ampliaci\u00f3n del estado de emergencia por 45 d\u00edas Lima, 29 Noviembre 2024, (ANDINA).- Tras la ampliaci\u00f3n de la declaratoria del estado de emergencia por 45 d\u00edas calendario en 14 distritos de Lima Metropolitana y Callao, dispuesto por el Gobierno Nacional, un total de 5,600 efectivos [&hellip;]<\/p>\n","protected":false},"author":1,"featured_media":129403,"comment_status":"closed","ping_status":"closed","sticky":false,"template":"","format":"standard","meta":{"rop_custom_images_group":[],"rop_custom_messages_group":[],"rop_publish_now":"initial","rop_publish_now_accounts":[],"rop_publish_now_history":[],"rop_publish_now_status":"pending","footnotes":""},"categories":[5],"tags":[2237,438,281],"class_list":["post-129402","post","type-post","status-publish","format-standard","has-post-thumbnail","hentry","category-actualidad-informativa","tag-fuerzas-armadas","tag-pnp","tag-policia-nacional"],"_links":{"self":[{"href":"https:\/\/elinformanteperu.com\/index.php\/wp-json\/wp\/v2\/posts\/129402","targetHints":{"allow":["GET"]}}],"collection":[{"href":"https:\/\/elinformanteperu.com\/index.php\/wp-json\/wp\/v2\/posts"}],"about":[{"href":"https:\/\/elinformanteperu.com\/index.php\/wp-json\/wp\/v2\/types\/post"}],"author":[{"embeddable":true,"href":"https:\/\/elinformanteperu.com\/index.php\/wp-json\/wp\/v2\/users\/1"}],"replies":[{"embeddable":true,"href":"https:\/\/elinformanteperu.com\/index.php\/wp-json\/wp\/v2\/comments?post=129402"}],"version-history":[{"count":1,"href":"https:\/\/elinformanteperu.com\/index.php\/wp-json\/wp\/v2\/posts\/129402\/revisions"}],"predecessor-version":[{"id":129404,"href":"https:\/\/elinformanteperu.com\/index.php\/wp-json\/wp\/v2\/posts\/129402\/revisions\/129404"}],"wp:featuredmedia":[{"embeddable":true,"href":"https:\/\/elinformanteperu.com\/index.php\/wp-json\/wp\/v2\/media\/129403"}],"wp:attachment":[{"href":"https:\/\/elinformanteperu.com\/index.php\/wp-json\/wp\/v2\/media?parent=129402"}],"wp:term":[{"taxonomy":"category","embeddable":true,"href":"https:\/\/elinformanteperu.com\/index.php\/wp-json\/wp\/v2\/categories?post=129402"},{"taxonomy":"post_tag","embeddable":true,"href":"https:\/\/elinformanteperu.com\/index.php\/wp-json\/wp\/v2\/tags?post=129402"}],"curies":[{"name":"wp","href":"https:\/\/api.w.org\/{rel}","templated":true}]}}