{"id":129396,"date":"2024-11-30T01:13:08","date_gmt":"2024-11-30T06:13:08","guid":{"rendered":"https:\/\/elinformanteperu.com\/?p=129396"},"modified":"2024-11-30T01:13:08","modified_gmt":"2024-11-30T06:13:08","slug":"robo-a-policia-herido-ministro-santivanez-informa-que-agentes-implicados-son-investigados","status":"publish","type":"post","link":"https:\/\/elinformanteperu.com\/index.php\/2024\/11\/30\/robo-a-policia-herido-ministro-santivanez-informa-que-agentes-implicados-son-investigados\/","title":{"rendered":"Robo a polic\u00eda herido: ministro Santiva\u00f1ez informa que agentes implicados son investigados"},"content":{"rendered":"<p><strong><span style=\"color: #000000;\">Denuncia surgi\u00f3 durante proceso de atenci\u00f3n m\u00e9dica del polic\u00eda.<\/span><\/strong><\/p>\n<p><span style=\"color: #000000;\"><strong>Lima, 29 Noviembre 2024, (ANDINA).-<\/strong> El ministro del Interior, Juan Jos\u00e9 Santiv\u00e1\u00f1ez, inform\u00f3 que los efectivos implicados en el robo de las pertenencias personales del suboficial Pablo Baltazar, herido de bala en el distrito de San Borja, est\u00e1n siendo investigados y ser\u00e1n dados de baja si se les encuentra responsables.<\/span><\/p>\n<p><span style=\"color: #000000;\">\u00abSi esto se llega a comprobar, no tengan ustedes ninguna duda de que me voy a encargar personalmente de que esos efectivos terminen en la c\u00e1rcel y se les d\u00e9 de baja bajo un proceso absolutamente c\u00e9lere e inmediato\u00bb, dijo en declaraciones a los medios de comunicaci\u00f3n.<\/span><\/p>\n<p><span style=\"color: #000000;\">Al tomar conocimiento de este hecho, sostuvo que intervinieron inmediatamente a los involucrados, efectuaron una detenci\u00f3n y, adicionalmente, la apertura de un procedimiento administrativo disciplinario.<\/span><\/p>\n<p><span style=\"color: #000000;\">\u00abEn este momento est\u00e1 en etapa de investigaci\u00f3n\u00bb, dijo Santiv\u00e1\u00f1ez Ant\u00fanez tras precisar que el caso todav\u00eda se encuentra en plazo de flagrancia.<\/span><\/p>\n<p><span style=\"color: #000000;\">A\u00f1adi\u00f3 que ser\u00e1 el fiscal quien finalmente va a determinar el tema, conjuntamente con la familia.<\/span><\/p>\n<p><span style=\"color: #000000;\">\u00abYo no he podido conversar con la familia sobre este hecho porque no he querido involucrarme a raz\u00f3n que es un hecho que tiene que ser investigado por la Fiscal\u00eda. Va a ser la familia la que tendr\u00eda que formalizar cualquier tipo de denuncia\u00bb, subray\u00f3.<\/span><\/p>\n<p><span style=\"color: #000000;\">La denuncia realizada por los familiares del suboficial Baltazar se\u00f1ala que le habr\u00edan sustra\u00eddo las pertenencias cuando se encontraba en estado de vulnerabilidad tras ser herido de bala.<\/span><\/p>\n<p><strong><span style=\"color: #000000;\">Diligencias preliminares<\/span><\/strong><\/p>\n<p><span style=\"color: #000000;\">Tras esta denuncia, la Primera Fiscal\u00eda Penal de San Borja (4.\u00b0 Despacho) anunci\u00f3 que est\u00e1 realizando diligencias preliminares contra los polic\u00edas Cristhopher Mena y Hover Huaman\u00ed por el presunto delito de hurto agravado, en agravio del SO3 PNP Pablo Baltazar, herido de bala tras repeler un asalto.<\/span><\/p>\n<p><span style=\"color: #000000;\">La fiscal adjunta provincial Luzmarina Espinoza inform\u00f3 que los investigados est\u00e1n detenidos. Adem\u00e1s, dispuso recabar las declaraciones necesarias, los videos de c\u00e1maras de seguridad que registraron los hechos y efectuar otros actos de investigaci\u00f3n para esclarecer lo sucedido.<\/span><\/p>\n<p><strong><span style=\"color: #000000;\">Hechos<\/span><\/strong><\/p>\n<p><span style=\"color: #000000;\">El reloj marcaba las 10:30 a. m. del mi\u00e9rcoles 27 de noviembre y el suboficial de tercera Pablo Baltazar realizaba su patrullaje de rutina por las intersecciones de la avenida Aviaci\u00f3n y San Borja Norte. A esa misma hora cuatro delincuentes armados, a bordo de un veh\u00edculo y una moto se alistaban a robar y asaltar a mano armada a una cambista de moneda extranjera quien trabajaba por la cuadra uno del jir\u00f3n Dom\u00e9nico Morelli.<\/span><\/p>\n<p><span style=\"color: #000000;\">Luego de haber robado un canguro con dinero, dos de los delincuentes que hu\u00edan en un moto lineal fueron interceptados por el suboficial quien se encontraba en una camioneta de serenazgo realizando trabajo individualizado por convenio en la municipalidad de San Borja, cuando de pronto recibe un feroz disparo en el rostro dej\u00e1ndolo inconsciente, ensangrentado y tirado en la pista en medio del tr\u00e1fico.<\/span><\/p>\n<p><span style=\"color: #000000;\">Los delincuentes al verse descubiertos emprendieron la huida disparando tambi\u00e9n contra los efectivos de la comisar\u00eda de San Borja quienes finalmente los detuvieron. Los integrantes de la banda criminal fueron identificados como Luis Edgar Antial\u00f3n Cosme (54), Junior Alexander Romero Quero (35) y Yefferson Mois\u00e9s L\u00faquez Toledo (25), los dos \u00faltimos extranjeros.<\/span><\/p>\n<p><span style=\"color: #000000;\">Producto de la balacera un delincuente fue abatido, una motocicleta de placa de rodaje 3045-ZA, una camioneta marca Honda de placa de rodaje BAU-301 y un arma de fuego incautada; adem\u00e1s de recuperarse S\/32 500 y $ 118.<\/span><\/p>\n<p><span style=\"color: #000000;\">El valiente suboficial fue trasladado a la cl\u00ednica Vesalio para recibir atenci\u00f3n m\u00e9dica inmediata cuyo diagn\u00f3stico recibido es herida por arma de fuego en cara regi\u00f3n malar bilateral, ingresado a UCI, siendo su estado de salud cr\u00edtico.<\/span><\/p>\n","protected":false},"excerpt":{"rendered":"<p>Denuncia surgi\u00f3 durante proceso de atenci\u00f3n m\u00e9dica del polic\u00eda. Lima, 29 Noviembre 2024, (ANDINA).- El ministro del Interior, Juan Jos\u00e9 Santiv\u00e1\u00f1ez, inform\u00f3 que los efectivos implicados en el robo de las pertenencias personales del suboficial Pablo Baltazar, herido de bala en el distrito de San Borja, est\u00e1n siendo investigados y ser\u00e1n dados de baja si [&hellip;]<\/p>\n","protected":false},"author":1,"featured_media":129397,"comment_status":"closed","ping_status":"closed","sticky":false,"template":"","format":"standard","meta":{"rop_custom_images_group":[],"rop_custom_messages_group":[],"rop_publish_now":"initial","rop_publish_now_accounts":[],"rop_publish_now_history":[],"rop_publish_now_status":"pending","footnotes":""},"categories":[10],"tags":[7532,401,280],"class_list":["post-129396","post","type-post","status-publish","format-standard","has-post-thumbnail","hentry","category-actualidad-municipal","tag-juan-jose-santivanez","tag-mininter","tag-ministerio-del-interior"],"_links":{"self":[{"href":"https:\/\/elinformanteperu.com\/index.php\/wp-json\/wp\/v2\/posts\/129396","targetHints":{"allow":["GET"]}}],"collection":[{"href":"https:\/\/elinformanteperu.com\/index.php\/wp-json\/wp\/v2\/posts"}],"about":[{"href":"https:\/\/elinformanteperu.com\/index.php\/wp-json\/wp\/v2\/types\/post"}],"author":[{"embeddable":true,"href":"https:\/\/elinformanteperu.com\/index.php\/wp-json\/wp\/v2\/users\/1"}],"replies":[{"embeddable":true,"href":"https:\/\/elinformanteperu.com\/index.php\/wp-json\/wp\/v2\/comments?post=129396"}],"version-history":[{"count":1,"href":"https:\/\/elinformanteperu.com\/index.php\/wp-json\/wp\/v2\/posts\/129396\/revisions"}],"predecessor-version":[{"id":129398,"href":"https:\/\/elinformanteperu.com\/index.php\/wp-json\/wp\/v2\/posts\/129396\/revisions\/129398"}],"wp:featuredmedia":[{"embeddable":true,"href":"https:\/\/elinformanteperu.com\/index.php\/wp-json\/wp\/v2\/media\/129397"}],"wp:attachment":[{"href":"https:\/\/elinformanteperu.com\/index.php\/wp-json\/wp\/v2\/media?parent=129396"}],"wp:term":[{"taxonomy":"category","embeddable":true,"href":"https:\/\/elinformanteperu.com\/index.php\/wp-json\/wp\/v2\/categories?post=129396"},{"taxonomy":"post_tag","embeddable":true,"href":"https:\/\/elinformanteperu.com\/index.php\/wp-json\/wp\/v2\/tags?post=129396"}],"curies":[{"name":"wp","href":"https:\/\/api.w.org\/{rel}","templated":true}]}}