{"id":129390,"date":"2024-11-30T01:03:14","date_gmt":"2024-11-30T06:03:14","guid":{"rendered":"https:\/\/elinformanteperu.com\/?p=129390"},"modified":"2024-11-30T01:03:42","modified_gmt":"2024-11-30T06:03:42","slug":"restringen-accesos-a-mesa-redonda-por-donde-sera-el-ingreso-y-la-salida","status":"publish","type":"post","link":"https:\/\/elinformanteperu.com\/index.php\/2024\/11\/30\/restringen-accesos-a-mesa-redonda-por-donde-sera-el-ingreso-y-la-salida\/","title":{"rendered":"Restringen accesos a Mesa Redonda: \u00bfpor d\u00f3nde ser\u00e1 el ingreso y la salida?"},"content":{"rendered":"<p><strong><span style=\"color: #000000;\">Solo ayer jueves visitaron la zona cerca de 500,000 personas<\/span><\/strong><\/p>\n<p><span style=\"color: #000000;\"><strong>Lima, 29 Noviembre 2024, (ANDINA).-<\/strong> La Municipalidad Metropolitana de Lima coloc\u00f3 esta madrugada rejas para restringir el acceso peatonal y vehicular en inmediaciones de los emporios comerciales Mesa Redonda y Mercado Central, con el fin de evitar la presencia de ambulantes y riesgos asociados a la aglomeraci\u00f3n de personas.<\/span><\/p>\n<p><span style=\"color: #000000;\">Cuando la ciudad a\u00fan dorm\u00eda, un grupo de personas, acompa\u00f1ado por personal policial y municipal, se encarg\u00f3 de instalar vallas de seguridad en 15 accesos que conducen, principalmente, a galer\u00edas y tiendas que componen este espacio comercial, muy visitado en v\u00edsperas de fiestas de fin de a\u00f1o.<\/span><\/p>\n<p><span style=\"color: #000000;\">Mariella Falla, gerenta de Fiscalizaci\u00f3n de la Municipalidad Metropolitana de Lima, dijo que la restricci\u00f3n busca cautelar la vida y la salud de las personas, debido a que en los \u00faltimos d\u00edas Mesa Redonda y el Mercado Central estaban abarrotados de ambulantes.<\/span><\/p>\n<p><span style=\"color: #000000;\">\u00abSe les dio a los ambulantes un tiempo prudencial para que salieran de la v\u00eda y acepten su nueva reubicaci\u00f3n, pero ellos son renuentes. Esta medida se da en cautela frente a cualquier eventualidad\u00bb.<\/span><\/p>\n<p><span style=\"color: #000000;\">Las rejas han sido colocadas en el cuadrante formado por las avenidas Abancay, Huallaga y Nicol\u00e1s de Pi\u00e9rola, as\u00ed como el jir\u00f3n Paruro, los cuales estar\u00e1n custodiados por personal de diversas gerencias de la comuna capitalina con el apoyo de la Polic\u00eda Nacional del Per\u00fa. En todo ese contorno hay entradas restringidas y puertas de acceso definidas, tanto para los peatones como para los veh\u00edculos.<\/span><\/p>\n<p><a href=\"https:\/\/elinformanteperu.com\/wp-content\/uploads\/2024\/11\/mesa-redonda-no-acceso1.jpg\"><img fetchpriority=\"high\" decoding=\"async\" class=\"size-large wp-image-129392 aligncenter\" src=\"https:\/\/elinformanteperu.com\/wp-content\/uploads\/2024\/11\/mesa-redonda-no-acceso1-1024x683.jpg\" alt=\"\" width=\"615\" height=\"410\" srcset=\"https:\/\/elinformanteperu.com\/wp-content\/uploads\/2024\/11\/mesa-redonda-no-acceso1-1024x683.jpg 1024w, https:\/\/elinformanteperu.com\/wp-content\/uploads\/2024\/11\/mesa-redonda-no-acceso1-300x200.jpg 300w, https:\/\/elinformanteperu.com\/wp-content\/uploads\/2024\/11\/mesa-redonda-no-acceso1-768x512.jpg 768w, https:\/\/elinformanteperu.com\/wp-content\/uploads\/2024\/11\/mesa-redonda-no-acceso1-1536x1024.jpg 1536w, https:\/\/elinformanteperu.com\/wp-content\/uploads\/2024\/11\/mesa-redonda-no-acceso1.jpg 1800w\" sizes=\"(max-width: 615px) 100vw, 615px\" \/><\/a><strong><span style=\"color: #000000;\">Ingresos y salidas<\/span><\/strong><\/p>\n<p><span style=\"color: #000000;\">El municipio de Lima estableci\u00f3 una sola v\u00eda para el ingreso vehicular por el jir\u00f3n Santa Rosa con la avenida Abancay y la salida por el jir\u00f3n Cusco con la avenida Abancay.<\/span><\/p>\n<p><span style=\"color: #000000;\">En tanto, los accesos peatonales se dar\u00e1n \u00fanicamente en el jir\u00f3n Ucayali con la avenida Abancay (ingreso) y en el jir\u00f3n Cusco con la avenida Abancay (salida).<\/span><\/p>\n<p><span style=\"color: #000000;\">Se ha establecido que el horario de ingreso de estibadores ser\u00e1 de las 21:00 a 09:00 horas.<\/span><\/p>\n<p><a href=\"https:\/\/elinformanteperu.com\/wp-content\/uploads\/2024\/11\/mesa-redonda-mapa-accesos.jpg\"><img decoding=\"async\" class=\"size-large wp-image-129393 aligncenter\" src=\"https:\/\/elinformanteperu.com\/wp-content\/uploads\/2024\/11\/mesa-redonda-mapa-accesos-1024x683.jpg\" alt=\"\" width=\"615\" height=\"410\" srcset=\"https:\/\/elinformanteperu.com\/wp-content\/uploads\/2024\/11\/mesa-redonda-mapa-accesos-1024x683.jpg 1024w, https:\/\/elinformanteperu.com\/wp-content\/uploads\/2024\/11\/mesa-redonda-mapa-accesos-300x200.jpg 300w, https:\/\/elinformanteperu.com\/wp-content\/uploads\/2024\/11\/mesa-redonda-mapa-accesos-768x512.jpg 768w, https:\/\/elinformanteperu.com\/wp-content\/uploads\/2024\/11\/mesa-redonda-mapa-accesos-1536x1025.jpg 1536w, https:\/\/elinformanteperu.com\/wp-content\/uploads\/2024\/11\/mesa-redonda-mapa-accesos.jpg 1800w\" sizes=\"(max-width: 615px) 100vw, 615px\" \/><\/a><strong><span style=\"color: #000000;\">Accesos restringidos:<\/span><\/strong><\/p>\n<p><span style=\"color: #000000;\">av. Abancay \/ jr. Puno<\/span><br \/>\n<span style=\"color: #000000;\">av. Abancay \/ jr. Huallaga<\/span><br \/>\n<span style=\"color: #000000;\">av. Abancay \/ jr. ucayali<\/span><br \/>\n<span style=\"color: #000000;\">av. Abancay \/ jr. Miro quesada<\/span><br \/>\n<span style=\"color: #000000;\">av. Abancay \/ jr. Cusco<\/span><br \/>\n<span style=\"color: #000000;\">jr. Ayacucho \/ jr. Huallaga<\/span><br \/>\n<span style=\"color: #000000;\">jr. Huallaga \/ jr. Huallaga<\/span><br \/>\n<span style=\"color: #000000;\">jr. Paruro \/ jr. Huallaga<\/span><br \/>\n<span style=\"color: #000000;\">jr. Paruro \/ jr. Ucayali<\/span><br \/>\n<span style=\"color: #000000;\">jr. Paruro \/ jr. Santa Rosa <\/span><br \/>\n<span style=\"color: #000000;\">jr. Paruro \/ jr. Cusco<\/span><br \/>\n<span style=\"color: #000000;\">jr. Paruro \/ jr. Puno<\/span><br \/>\n<span style=\"color: #000000;\">jr. Andahuaylas \/ av. Nicol\u00e1s de Pi\u00e9rola<\/span><br \/>\n<span style=\"color: #000000;\">jr. Ayacucho \/ jr. Inambari<\/span><br \/>\n<span style=\"color: #000000;\">jr. Pi\u00e9rola \/ jr. Ayacucho<\/span><\/p>\n<p><span style=\"color: #000000;\">De acuerdo con la vocera de la municipalidad, los comerciantes de muchas galer\u00edas han incumplido el tope de aforo y, lo peor, anot\u00f3, tienen dep\u00f3sitos clandestinos con material altamente inflamable.<\/span><\/p>\n<p><span style=\"color: #000000;\">Abdul Miranda, gerente de Seguridad Ciudadana de la comuna, coment\u00f3 que solo ayer jueves acudieron a Mesa Redonda y Mercado Central unas 498,000 personas, informaci\u00f3n que se obtuvo gracias a las c\u00e1maras de seguridad y a la inteligencia artificial. \u00abLos ambulantes no acatan las disposiciones de la municipalidad\u00bb, subray\u00f3.<\/span><\/p>\n<p><span style=\"color: #000000;\">Cabe recordar que el 29 de diciembre del 2001 ocurri\u00f3 un gigantesco incendio en Mesa Redonda, el cual fue relacionado al encendido de fuegos artificiales por parte de vendedores ambulantes. La tragedia dej\u00f3 alrededor de 400 fallecidos, adem\u00e1s de heridos y restos humanos no identificados.<\/span><\/p>\n<p><span style=\"color: #000000;\">Tras el suceso, se endureci\u00f3 la vigilancia en la venta de material pirot\u00e9cnico, por lo que no se ha vuelto a permitir la venta de pirot\u00e9cnicos en Mesa Redonda.<\/span><\/p>\n<blockquote class=\"twitter-tweet\" data-media-max-width=\"560\">\n<p dir=\"ltr\" lang=\"es\">\ud83d\udd34 Cuando la ciudad a\u00fan dorm\u00eda, un grupo de personas, acompa\u00f1ados de personal policial y municipal, se encarg\u00f3 de instalar vallas de seguridad en 15 accesos a Mesa Redonda.<\/p>\n<p>\ud83d\udcf9: Municipalidad de Lima<\/p>\n<p>\ud83d\udc49 <a href=\"https:\/\/t.co\/6lzZnm06bx\">https:\/\/t.co\/6lzZnm06bx<\/a> <a href=\"https:\/\/t.co\/Ssp4JBUPKt\">pic.twitter.com\/Ssp4JBUPKt<\/a><\/p>\n<p>\u2014 Agencia Andina (@Agencia_Andina) <a href=\"https:\/\/twitter.com\/Agencia_Andina\/status\/1862510771994779837?ref_src=twsrc%5Etfw\">November 29, 2024<\/a><\/p><\/blockquote>\n<p><script async src=\"https:\/\/platform.twitter.com\/widgets.js\" charset=\"utf-8\"><\/script><\/p>\n","protected":false},"excerpt":{"rendered":"<p>Solo ayer jueves visitaron la zona cerca de 500,000 personas Lima, 29 Noviembre 2024, (ANDINA).- La Municipalidad Metropolitana de Lima coloc\u00f3 esta madrugada rejas para restringir el acceso peatonal y vehicular en inmediaciones de los emporios comerciales Mesa Redonda y Mercado Central, con el fin de evitar la presencia de ambulantes y riesgos asociados a [&hellip;]<\/p>\n","protected":false},"author":1,"featured_media":129391,"comment_status":"closed","ping_status":"closed","sticky":false,"template":"","format":"standard","meta":{"rop_custom_images_group":[],"rop_custom_messages_group":[],"rop_publish_now":"initial","rop_publish_now_accounts":[],"rop_publish_now_history":[],"rop_publish_now_status":"pending","footnotes":""},"categories":[10],"tags":[123,122],"class_list":["post-129390","post","type-post","status-publish","format-standard","has-post-thumbnail","hentry","category-actualidad-municipal","tag-mesa-redonda","tag-municipalidad-de-lima"],"_links":{"self":[{"href":"https:\/\/elinformanteperu.com\/index.php\/wp-json\/wp\/v2\/posts\/129390","targetHints":{"allow":["GET"]}}],"collection":[{"href":"https:\/\/elinformanteperu.com\/index.php\/wp-json\/wp\/v2\/posts"}],"about":[{"href":"https:\/\/elinformanteperu.com\/index.php\/wp-json\/wp\/v2\/types\/post"}],"author":[{"embeddable":true,"href":"https:\/\/elinformanteperu.com\/index.php\/wp-json\/wp\/v2\/users\/1"}],"replies":[{"embeddable":true,"href":"https:\/\/elinformanteperu.com\/index.php\/wp-json\/wp\/v2\/comments?post=129390"}],"version-history":[{"count":2,"href":"https:\/\/elinformanteperu.com\/index.php\/wp-json\/wp\/v2\/posts\/129390\/revisions"}],"predecessor-version":[{"id":129395,"href":"https:\/\/elinformanteperu.com\/index.php\/wp-json\/wp\/v2\/posts\/129390\/revisions\/129395"}],"wp:featuredmedia":[{"embeddable":true,"href":"https:\/\/elinformanteperu.com\/index.php\/wp-json\/wp\/v2\/media\/129391"}],"wp:attachment":[{"href":"https:\/\/elinformanteperu.com\/index.php\/wp-json\/wp\/v2\/media?parent=129390"}],"wp:term":[{"taxonomy":"category","embeddable":true,"href":"https:\/\/elinformanteperu.com\/index.php\/wp-json\/wp\/v2\/categories?post=129390"},{"taxonomy":"post_tag","embeddable":true,"href":"https:\/\/elinformanteperu.com\/index.php\/wp-json\/wp\/v2\/tags?post=129390"}],"curies":[{"name":"wp","href":"https:\/\/api.w.org\/{rel}","templated":true}]}}