{"id":129387,"date":"2024-11-30T00:52:05","date_gmt":"2024-11-30T05:52:05","guid":{"rendered":"https:\/\/elinformanteperu.com\/?p=129387"},"modified":"2024-11-30T00:52:05","modified_gmt":"2024-11-30T05:52:05","slug":"wasi-mikuna-se-llama-el-nuevo-programa-de-alimentacion-escolar-que-reemplaza-a-qali-warma","status":"publish","type":"post","link":"https:\/\/elinformanteperu.com\/index.php\/2024\/11\/30\/wasi-mikuna-se-llama-el-nuevo-programa-de-alimentacion-escolar-que-reemplaza-a-qali-warma\/","title":{"rendered":"Wasi Mikuna se llama el nuevo programa de alimentaci\u00f3n escolar que reemplaza a Qali Warma"},"content":{"rendered":"<p><strong><span style=\"color: #000000;\">Anunci\u00f3 el ministro de Desarrollo e Inclusi\u00f3n Social, Julio Demartini<\/span><\/strong><\/p>\n<p><span style=\"color: #000000;\"><strong>Lima, 29 Noviembre 2024, (ANDINA).-<\/strong> Wasi Mikuna (comida de casa o comida casera en quechua) ser\u00e1 el nuevo programa de alimentaci\u00f3n escolar comunitaria que implementar\u00e1 el Ministerio de Desarrollo e Inclusi\u00f3n Social (Midis) en reemplazo de Qali Warma que en las \u00faltimas semanas se vio afectada por denuncias de corrupci\u00f3n y entrega de alimentos en mal estado, anunci\u00f3 el titular del Midis, Julio Demartini.<\/span><\/p>\n<p><span style=\"color: #000000;\">A trav\u00e9s de un pronunciamiento p\u00fablico grabado en video, Demartini afirm\u00f3 que el nuevo programa Wasi Mikuna significar\u00e1 una transformaci\u00f3n en la alimentaci\u00f3n comunitaria. \u201cLa alimentaci\u00f3n de nuestras ni\u00f1as y ni\u00f1os es un derecho esencial. Con el apoyo del Programa Mundial de Alimentos, padres y expertos, garantizaremos alimentos frescos, seguros y de calidad\u201d, asever\u00f3.<\/span><\/p>\n<p><span style=\"color: #000000;\">En ese sentido, el titular del Midis resalt\u00f3 el papel fundamental que desempe\u00f1ar\u00e1n los padres y madres de familia en todo el proceso de compra, preparaci\u00f3n y supervisi\u00f3n de alimentos.<\/span><\/p>\n<p><span style=\"color: #000000;\">Acompa\u00f1ado de representantes del Programa Mundial de Alimentos en Per\u00fa, de la Sociedad Nacional de Industrias, de la Coordinadora Nacional de las Asociaciones de Padres de Familia y de la nueva directora ejecutiva de Qali Warma, Cecilia Barbieri, el ministro de Desarrollo e Inclusi\u00f3n Social afirm\u00f3 que la alimentaci\u00f3n de los ni\u00f1os es un pilar fundamental para el desarrollo del pa\u00eds.<\/span><\/p>\n<p><span style=\"color: #000000;\">\u00abSin embargo, el programa Qali Warma ha enfrentado muchos problemas que conllevan a deficiencias insubsanables a proceso de entrega del servicio alimentario escolar. Estas deficiencias traicionan el trabajo de buenos servidores p\u00fablicos, la confianza de las familias y atenta contra un derecho fundamental de los ni\u00f1os, de recibir una alimentaci\u00f3n digna\u00bb, subray\u00f3.<\/span><\/p>\n<p><span style=\"color: #000000;\">En ese sentido, Demartini remarc\u00f3 que m\u00e1s de 100 proveedores fraudulentos fueron excluidos del servicio de alimentaci\u00f3n escolar, 19 servidores de Qali Warma separados por vulnerar la integridad del servicio y m\u00e1s de 30 han sido denunciados ante la Fiscal\u00eda de la Naci\u00f3n.<\/span><\/p>\n<p><span style=\"color: #000000;\">\u00abEl Gobierno ni mi gesti\u00f3n vamos a tolerar la corrupci\u00f3n ni la negligencia. Cada paso que realizamos es para proteger a los ni\u00f1os y garantizar la entrega de alimentos seguros y de calidad\u00bb, acot\u00f3.<\/span><\/p>\n<p><span style=\"color: #000000;\">En ese sentido, el titular del Midis indic\u00f3 que el modelo actual de Qali Warma ya no responde a las necesidades y expectativas de la poblaci\u00f3n escolar y por ese motivo se ha decidido cambiar a un nuevo modelo de alimentaci\u00f3n escolar con la asistencia del Programa Mundial de Alimentos y los padres de familia.<\/span><\/p>\n<p><span style=\"color: #000000;\">Demartini adelant\u00f3 que se expedir\u00e1 un decreto supremo con el que se oficializar\u00e1 la creaci\u00f3n del programa nacional de alimentacion escolar comunitaria Wasi Mikuna.<\/span><\/p>\n<p><span style=\"color: #000000;\">Refiri\u00f3 que el consejo directivo de este nuevo programa social estar\u00e1 conformado por representantes de los ministerios de Desarrollo e Inclusi\u00f3n Social (Midis), Educaci\u00f3n (Minedu), Salud (Minsa), Producci\u00f3n (Produce) y de Desarrollo Agrario y Riego (Midagri); adem\u00e1s de un representante de las APAFA.<\/span><\/p>\n<p><span style=\"color: #000000;\">El ministro Julio Demartini manifest\u00f3 que el modelo que impulsar\u00e1 el nuevo programa de alimentaci\u00f3n escolar ser\u00e1 el uso de productos frescos provenientes de la agricultura familia y se contar\u00e1 con el respaldo t\u00e9cnico del Programa Mundial de Alimentos con el objetivo de asegurar altos est\u00e1ndares de calidad y sostenibilidad.<\/span><\/p>\n<p><span style=\"color: #000000;\">Indic\u00f3, asimismo, que la implementaci\u00f3n de Wasi Mikuna ser\u00e1 a partir de 205 y de manera gradual y ordenada para garantizar que el nuevo modelo funcione con \u00e9xito antes de su expansi\u00f3n a todo el pa\u00eds.<\/span><\/p>\n<blockquote class=\"twitter-tweet\" data-media-max-width=\"560\">\n<p dir=\"ltr\" lang=\"es\">En entrevista, el ministro Julio Demartini anunci\u00f3 el nuevo programa Wasi Mikuna, una transformaci\u00f3n en la alimentaci\u00f3n comunitaria. \u201cLa alimentaci\u00f3n de nuestras ni\u00f1as y ni\u00f1os es un derecho esencial. Con el apoyo del Programa Mundial de Alimentos, padres y expertos,\u2026 <a href=\"https:\/\/t.co\/4rzh6Qp0i6\">pic.twitter.com\/4rzh6Qp0i6<\/a><\/p>\n<p>\u2014 MIDIS (@MidisPeru) <a href=\"https:\/\/twitter.com\/MidisPeru\/status\/1862550304392114365?ref_src=twsrc%5Etfw\">November 29, 2024<\/a><\/p><\/blockquote>\n<p><script async src=\"https:\/\/platform.twitter.com\/widgets.js\" charset=\"utf-8\"><\/script><\/p>\n","protected":false},"excerpt":{"rendered":"<p>Anunci\u00f3 el ministro de Desarrollo e Inclusi\u00f3n Social, Julio Demartini Lima, 29 Noviembre 2024, (ANDINA).- Wasi Mikuna (comida de casa o comida casera en quechua) ser\u00e1 el nuevo programa de alimentaci\u00f3n escolar comunitaria que implementar\u00e1 el Ministerio de Desarrollo e Inclusi\u00f3n Social (Midis) en reemplazo de Qali Warma que en las \u00faltimas semanas se vio [&hellip;]<\/p>\n","protected":false},"author":1,"featured_media":129388,"comment_status":"closed","ping_status":"closed","sticky":false,"template":"","format":"standard","meta":{"rop_custom_images_group":[],"rop_custom_messages_group":[],"rop_publish_now":"initial","rop_publish_now_accounts":[],"rop_publish_now_history":[],"rop_publish_now_status":"pending","footnotes":""},"categories":[10],"tags":[7832,153,2269],"class_list":["post-129387","post","type-post","status-publish","format-standard","has-post-thumbnail","hentry","category-actualidad-municipal","tag-julio-demartini","tag-midis","tag-qali-warma"],"_links":{"self":[{"href":"https:\/\/elinformanteperu.com\/index.php\/wp-json\/wp\/v2\/posts\/129387","targetHints":{"allow":["GET"]}}],"collection":[{"href":"https:\/\/elinformanteperu.com\/index.php\/wp-json\/wp\/v2\/posts"}],"about":[{"href":"https:\/\/elinformanteperu.com\/index.php\/wp-json\/wp\/v2\/types\/post"}],"author":[{"embeddable":true,"href":"https:\/\/elinformanteperu.com\/index.php\/wp-json\/wp\/v2\/users\/1"}],"replies":[{"embeddable":true,"href":"https:\/\/elinformanteperu.com\/index.php\/wp-json\/wp\/v2\/comments?post=129387"}],"version-history":[{"count":1,"href":"https:\/\/elinformanteperu.com\/index.php\/wp-json\/wp\/v2\/posts\/129387\/revisions"}],"predecessor-version":[{"id":129389,"href":"https:\/\/elinformanteperu.com\/index.php\/wp-json\/wp\/v2\/posts\/129387\/revisions\/129389"}],"wp:featuredmedia":[{"embeddable":true,"href":"https:\/\/elinformanteperu.com\/index.php\/wp-json\/wp\/v2\/media\/129388"}],"wp:attachment":[{"href":"https:\/\/elinformanteperu.com\/index.php\/wp-json\/wp\/v2\/media?parent=129387"}],"wp:term":[{"taxonomy":"category","embeddable":true,"href":"https:\/\/elinformanteperu.com\/index.php\/wp-json\/wp\/v2\/categories?post=129387"},{"taxonomy":"post_tag","embeddable":true,"href":"https:\/\/elinformanteperu.com\/index.php\/wp-json\/wp\/v2\/tags?post=129387"}],"curies":[{"name":"wp","href":"https:\/\/api.w.org\/{rel}","templated":true}]}}