{"id":12937,"date":"2017-07-13T00:16:35","date_gmt":"2017-07-13T05:16:35","guid":{"rendered":"http:\/\/elinformanteperu.com\/?p=12937"},"modified":"2017-07-13T00:16:35","modified_gmt":"2017-07-13T05:16:35","slug":"crearan-comision-investigadora-por-tragedia-en-cerro-san-cristobal","status":"publish","type":"post","link":"https:\/\/elinformanteperu.com\/index.php\/2017\/07\/13\/crearan-comision-investigadora-por-tragedia-en-cerro-san-cristobal\/","title":{"rendered":"Crear\u00e1n comisi\u00f3n investigadora por tragedia en Cerro San Crist\u00f3bal"},"content":{"rendered":"<p><span style=\"color: #000000;\"><strong>Dos mociones que proponen la formaci\u00f3n de una comisi\u00f3n multipartidaria para que se encargue de investigar los sucesos acaecidos en el cerro San Crist\u00f3bal\u00a0fueron presentadas en la Comisi\u00f3n de Descentralizaci\u00f3n.<\/strong><\/span><\/p>\n<p><span style=\"color: #000000;\"><strong>Lima, 12 Julio 2017, (El Informante Per\u00fa).-<\/strong> Dos mociones que proponen la formaci\u00f3n de una comisi\u00f3n multipartidaria para que se encargue de investigar los sucesos acaecidos en el cerro San Crist\u00f3bal, que ocasionaron la muerte de nueve personas por la volcadura de un bus tur\u00edstico, fueron presentadas en la sesi\u00f3n extraordinaria que convoc\u00f3 la Comisi\u00f3n de Descentralizaci\u00f3n, Regionalizaci\u00f3n, Gobiernos Locales y Modernizaci\u00f3n de la Gesti\u00f3n del Estado.<\/span><\/p>\n<p><span style=\"color: #000000;\">As\u00ed lo anunci\u00f3 la presidenta de ese grupo de trabajo, congresista Alejandra Aramayo Gaona (FP), quien dijo que una de las mociones fue presentada por ella y la otra es de autor\u00eda del legislador Manuel Dammert (FA), pero subray\u00f3 que ambas buscan esclarecer y determinar responsabilidades.<\/span><\/p>\n<p><span style=\"color: #000000;\">\u201cNo puede ser posible que nueve personas hayan perdido la vida de esa forma. El pueblo quiere saber qui\u00e9nes son los responsables. Por ello, realizaremos una exhaustiva investigaci\u00f3n\u201d, expres\u00f3 la representante arequipe\u00f1a en la reuni\u00f3n que se realiz\u00f3 en la sala Ra\u00fal Porras Barrenechea, a la cual concurrieron la teniente alcaldesa de la Municipalidad Metropolitana de Lima, Patricia Ju\u00e1rez, y el alcalde distrital del R\u00edmac, Enrique Peram\u00e1s.<\/span><\/p>\n<p><span style=\"color: #000000;\">Patricia Ju\u00e1rez, secundada por el gerente de Transporte Urbano de Lima, \u00c1lvaro Castro, se\u00f1al\u00f3 que, de acuerdo al art\u00edculo octavo de la Ordenanza 341, las municipalidades distritales que conforman la provincia de Lima tienen a su cargo la responsabilidad de la se\u00f1alizaci\u00f3n, mantenimiento y ornato de las v\u00edas locales de su jurisdicci\u00f3n.<\/span><\/p>\n<p><span style=\"color: #000000;\">Precis\u00f3 que la v\u00eda en donde ocurri\u00f3 el accidente no forma parte de las v\u00edas metropolitanas sino se trata de una v\u00eda local, por lo tanto es responsabilidad de la Municipalidad del R\u00edmac.<\/span><\/p>\n<p><span style=\"color: #000000;\">Es m\u00e1s, dijo, hay un convenio de cooperaci\u00f3n insterinstitucional en el cual se precisa que la Municipalidad del R\u00edmac est\u00e1 facultada para realizar acciones de control en todas las modalidades de transporte, incluyendo el tur\u00edstico.<\/span><\/p>\n<p><span style=\"color: #000000;\">El gerente de Transporte Urbano remarc\u00f3 que la Municipalidad Metropolitana de Lima otorg\u00f3 la autorizaci\u00f3n de servicio tur\u00edstico, pero no asign\u00f3 ruta o circuito alguno, el cual corresponde ser otorgado por la municipalidad distrital en cuyo territorio se desarrolla la actividad tur\u00edstica.<\/span><\/p>\n<p><span style=\"color: #000000;\">Por su parte, el alcalde del R\u00edmac neg\u00f3 toda clase de responsabilidades de su comuna y \u201ctodos estamos dispuestos a ser investigados porque nos asiste la raz\u00f3n y, por lo tanto, estamos tranquilos. Nuestra conciencia est\u00e1 tranquila\u201d<\/span><\/p>\n<p><span style=\"color: #000000;\">En el debate tambi\u00e9n participaron los congresistas Manuel Dammert, Clayton Galv\u00e1n, Milagros Takayama, Betty Anancul\u00ed, Sonia Echevarr\u00eda y Dalmiro Palomino (FP), quienes manifestaron su indignaci\u00f3n por el hecho ocurrido ocasionado por un veh\u00edculo adaptado a bus tur\u00edstico de propiedad de la empresa Green Bus. \u201cNo puede ser posible que ambos municipios se tiren la pelota para justificar irresponsabilidades. Se tiene que deslindar responsabilidades\u201d, coincidieron en expresar.<\/span><\/p>\n","protected":false},"excerpt":{"rendered":"<p>Dos mociones que proponen la formaci\u00f3n de una comisi\u00f3n multipartidaria para que se encargue de investigar los sucesos acaecidos en el cerro San Crist\u00f3bal\u00a0fueron presentadas en la Comisi\u00f3n de Descentralizaci\u00f3n. Lima, 12 Julio 2017, (El Informante Per\u00fa).- Dos mociones que proponen la formaci\u00f3n de una comisi\u00f3n multipartidaria para que se encargue de investigar los sucesos [&hellip;]<\/p>\n","protected":false},"author":1,"featured_media":7794,"comment_status":"open","ping_status":"open","sticky":false,"template":"","format":"standard","meta":{"rop_custom_images_group":[],"rop_custom_messages_group":[],"rop_publish_now":"initial","rop_publish_now_accounts":[],"rop_publish_now_history":[],"rop_publish_now_status":"pending","footnotes":""},"categories":[10],"tags":[1299,1871,122,1118],"class_list":["post-12937","post","type-post","status-publish","format-standard","has-post-thumbnail","hentry","category-actualidad-municipal","tag-alejandra-aramayo","tag-cerro-san-cristobal","tag-municipalidad-de-lima","tag-municipalidad-del-rimac"],"_links":{"self":[{"href":"https:\/\/elinformanteperu.com\/index.php\/wp-json\/wp\/v2\/posts\/12937","targetHints":{"allow":["GET"]}}],"collection":[{"href":"https:\/\/elinformanteperu.com\/index.php\/wp-json\/wp\/v2\/posts"}],"about":[{"href":"https:\/\/elinformanteperu.com\/index.php\/wp-json\/wp\/v2\/types\/post"}],"author":[{"embeddable":true,"href":"https:\/\/elinformanteperu.com\/index.php\/wp-json\/wp\/v2\/users\/1"}],"replies":[{"embeddable":true,"href":"https:\/\/elinformanteperu.com\/index.php\/wp-json\/wp\/v2\/comments?post=12937"}],"version-history":[{"count":1,"href":"https:\/\/elinformanteperu.com\/index.php\/wp-json\/wp\/v2\/posts\/12937\/revisions"}],"predecessor-version":[{"id":12938,"href":"https:\/\/elinformanteperu.com\/index.php\/wp-json\/wp\/v2\/posts\/12937\/revisions\/12938"}],"wp:featuredmedia":[{"embeddable":true,"href":"https:\/\/elinformanteperu.com\/index.php\/wp-json\/wp\/v2\/media\/7794"}],"wp:attachment":[{"href":"https:\/\/elinformanteperu.com\/index.php\/wp-json\/wp\/v2\/media?parent=12937"}],"wp:term":[{"taxonomy":"category","embeddable":true,"href":"https:\/\/elinformanteperu.com\/index.php\/wp-json\/wp\/v2\/categories?post=12937"},{"taxonomy":"post_tag","embeddable":true,"href":"https:\/\/elinformanteperu.com\/index.php\/wp-json\/wp\/v2\/tags?post=12937"}],"curies":[{"name":"wp","href":"https:\/\/api.w.org\/{rel}","templated":true}]}}