{"id":129163,"date":"2024-11-28T01:02:04","date_gmt":"2024-11-28T06:02:04","guid":{"rendered":"https:\/\/elinformanteperu.com\/?p=129163"},"modified":"2024-11-28T01:02:04","modified_gmt":"2024-11-28T06:02:04","slug":"presidenta-reafirma-compromiso-de-trabajar-por-la-mejorar-de-la-infraestructura-educativa","status":"publish","type":"post","link":"https:\/\/elinformanteperu.com\/index.php\/2024\/11\/28\/presidenta-reafirma-compromiso-de-trabajar-por-la-mejorar-de-la-infraestructura-educativa\/","title":{"rendered":"Presidenta reafirma compromiso de trabajar por la mejorar de la infraestructura educativa"},"content":{"rendered":"<p><span style=\"color: #000000;\"><strong>Lima, 27 Noviembre 2024, (ANDINA).-<\/strong> La presidenta de la rep\u00fablica, Dina Boluarte, reafirm\u00f3 hoy su compromiso de trabajar por mejora la infraestructura educativa, siendo este su compromiso con la educaci\u00f3n de nuestro pa\u00eds.<\/span><\/p>\n<p><span style=\"color: #000000;\">Estas declaraciones fueron ofrecidas por la mandataria durante el XIII Encuentro Nacional de ni\u00f1os y j\u00f3venes de pueblos originarios, afroperuanos y de otras tradiciones culturales del Per\u00fa &#8211; Tinkuy con ideas en Acci\u00f3n &#8211; APEC 2024, realizado en Palacio de Gobierno.<\/span><\/p>\n<p><span style=\"color: #000000;\">\u00abSeguimos trabajando presidente del Tinkuy para mejorar la infraestructura educativa, ese es nuestro compromiso con la educaci\u00f3n peruana\u00bb, manifest\u00f3.<\/span><\/p>\n<p><span style=\"color: #000000;\">La mandataria record\u00f3 que cuando se hizo el an\u00e1lisis destinado a sanear la infraestructura educativa, se vio que para superar esta brecha tomar\u00eda entre 14 o 20 a\u00f1os, siendo esta la situaci\u00f3n real de dicho sector.<\/span><\/p>\n<p><span style=\"color: #000000;\">\u00abPor eso, desde mi Gobierno queremos cambiar esa dimensi\u00f3n en el tiempo, hicimos convenio de gobierno a gobierno y estamos construyendo lo m\u00e1s r\u00e1pido colegios, estamos entregando colegios bicentenario ese es el camino que debemos seguir avanzando\u00bb, agreg\u00f3.<\/span><\/p>\n<p><span style=\"color: #000000;\">En ese sentido, anunci\u00f3 que el pr\u00f3ximo a\u00f1o se continuar\u00e1 con la construcci\u00f3n de colegios a nivel nacional, pues \u00abno es justo que nuestros ni\u00f1os y adolescentes est\u00e9n estudiando que una infraestructura mala y no motivan a seguir aprendiendo\u00bb.<\/span><\/p>\n<p><span style=\"color: #000000;\">Sobre los acuerdos tomados en el Tinkuy, refiri\u00f3 que se detect\u00f3 que est\u00e1 disminuyendo la educaci\u00f3n en la lengua originaria y sostuvo que junto al Ministerio de Educaci\u00f3n y el de Cultura, se buscar\u00e1 docentes que conozcan dichos idiomas para continuar con la ense\u00f1anza.<\/span><\/p>\n<p><span style=\"color: #000000;\">Adem\u00e1s, refiri\u00f3 que otro problema es que no se est\u00e1 atendiendo de la mejor manera a los estudiantes con discapacidad, y un tercer desaf\u00edo era contar con una infraestructura educativa d\u00e9bil.<\/span><\/p>\n","protected":false},"excerpt":{"rendered":"<p>Lima, 27 Noviembre 2024, (ANDINA).- La presidenta de la rep\u00fablica, Dina Boluarte, reafirm\u00f3 hoy su compromiso de trabajar por mejora la infraestructura educativa, siendo este su compromiso con la educaci\u00f3n de nuestro pa\u00eds. Estas declaraciones fueron ofrecidas por la mandataria durante el XIII Encuentro Nacional de ni\u00f1os y j\u00f3venes de pueblos originarios, afroperuanos y de [&hellip;]<\/p>\n","protected":false},"author":1,"featured_media":129164,"comment_status":"closed","ping_status":"closed","sticky":false,"template":"","format":"standard","meta":{"rop_custom_images_group":[],"rop_custom_messages_group":[],"rop_publish_now":"initial","rop_publish_now_accounts":[],"rop_publish_now_history":[],"rop_publish_now_status":"pending","footnotes":""},"categories":[5],"tags":[6528,1421],"class_list":["post-129163","post","type-post","status-publish","format-standard","has-post-thumbnail","hentry","category-actualidad-informativa","tag-dina-boluarte","tag-poder-ejecutivo"],"_links":{"self":[{"href":"https:\/\/elinformanteperu.com\/index.php\/wp-json\/wp\/v2\/posts\/129163","targetHints":{"allow":["GET"]}}],"collection":[{"href":"https:\/\/elinformanteperu.com\/index.php\/wp-json\/wp\/v2\/posts"}],"about":[{"href":"https:\/\/elinformanteperu.com\/index.php\/wp-json\/wp\/v2\/types\/post"}],"author":[{"embeddable":true,"href":"https:\/\/elinformanteperu.com\/index.php\/wp-json\/wp\/v2\/users\/1"}],"replies":[{"embeddable":true,"href":"https:\/\/elinformanteperu.com\/index.php\/wp-json\/wp\/v2\/comments?post=129163"}],"version-history":[{"count":1,"href":"https:\/\/elinformanteperu.com\/index.php\/wp-json\/wp\/v2\/posts\/129163\/revisions"}],"predecessor-version":[{"id":129165,"href":"https:\/\/elinformanteperu.com\/index.php\/wp-json\/wp\/v2\/posts\/129163\/revisions\/129165"}],"wp:featuredmedia":[{"embeddable":true,"href":"https:\/\/elinformanteperu.com\/index.php\/wp-json\/wp\/v2\/media\/129164"}],"wp:attachment":[{"href":"https:\/\/elinformanteperu.com\/index.php\/wp-json\/wp\/v2\/media?parent=129163"}],"wp:term":[{"taxonomy":"category","embeddable":true,"href":"https:\/\/elinformanteperu.com\/index.php\/wp-json\/wp\/v2\/categories?post=129163"},{"taxonomy":"post_tag","embeddable":true,"href":"https:\/\/elinformanteperu.com\/index.php\/wp-json\/wp\/v2\/tags?post=129163"}],"curies":[{"name":"wp","href":"https:\/\/api.w.org\/{rel}","templated":true}]}}