{"id":129133,"date":"2024-11-28T00:03:33","date_gmt":"2024-11-28T05:03:33","guid":{"rendered":"https:\/\/elinformanteperu.com\/?p=129133"},"modified":"2024-11-28T00:03:33","modified_gmt":"2024-11-28T05:03:33","slug":"corte-de-la-libertad-ratifica-condena-de-cadena-perpetua-a-sujeto-por-violacion-de-menor","status":"publish","type":"post","link":"https:\/\/elinformanteperu.com\/index.php\/2024\/11\/28\/corte-de-la-libertad-ratifica-condena-de-cadena-perpetua-a-sujeto-por-violacion-de-menor\/","title":{"rendered":"Corte de La Libertad ratifica condena de cadena perpetua a sujeto por violaci\u00f3n de menor"},"content":{"rendered":"<p><span style=\"color: #000000;\"><strong>Trujillo, 27 Noviembre 2024, (ANDINA).-<\/strong> La Tercera Sala Penal de Apelaciones de la Corte Superior de Justicia de La Libertad ratific\u00f3 la pena de cadena perpetua para Wilson David Mu\u00f1oz M\u00e9ndez como autor del delito de violaci\u00f3n sexual de menor de edad en agravio de P.E.C.T.(12) ; y al pago de 7,500 soles por reparaci\u00f3n civil a favor de la agraviada.<\/span><\/p>\n<p><span style=\"color: #000000;\">Mu\u00f1oz Mendez fue sentenciado en primera instancia por este caso cuya condena de cadena perpetua fue obtenida por el fiscal provincial Robert Aldo Angulo Araujo de la Primera Fiscal\u00eda Provincial Penal Corporativa de Trujillo.<\/span><\/p>\n<p><span style=\"color: #000000;\">Durante la audiencia la fiscal adjunta superior Patricia del Rosario Rabines Brice\u00f1o de la Quinta Fiscal\u00eda Superior Penal de La Libertad sustent\u00f3 la acusaci\u00f3n contra Mu\u00f1oz M\u00e9ndez e indic\u00f3 que los hechos se registraron en tres oportunidades en junio y julio del 2021 y en enero de 2022. Wilson Mu\u00f1oz quien era pareja de la madre de la menor aprovech\u00f3 que la progenitora sali\u00f3 a trabajar de noche en esas fechas para cometer el delito.<\/span><\/p>\n<p><span style=\"color: #000000;\">D\u00edas despu\u00e9s de cometer el tercer abuso sexual, el hoy sentenciado se fue de viaje, circunstancia que es aprovechada por la agraviada para confesarle a su madre que hab\u00eda sido v\u00edctima de abuso sexual por parte de Mu\u00f1oz M\u00e9ndez. La progenitora, el mismo d\u00eda de la confesi\u00f3n de su hija,16 de enero de 2022, denuncia los hechos.<\/span><\/p>\n<p><strong><span style=\"color: #000000;\">Confirman sentencia de 35 a\u00f1os de prisi\u00f3n<\/span><\/strong><\/p>\n<p><a href=\"https:\/\/elinformanteperu.com\/wp-content\/uploads\/2023\/10\/esposado-detenido.jpg\"><img fetchpriority=\"high\" decoding=\"async\" class=\"size-large wp-image-118028 aligncenter\" src=\"https:\/\/elinformanteperu.com\/wp-content\/uploads\/2023\/10\/esposado-detenido-1024x684.jpg\" alt=\"\" width=\"615\" height=\"411\" srcset=\"https:\/\/elinformanteperu.com\/wp-content\/uploads\/2023\/10\/esposado-detenido-1024x684.jpg 1024w, https:\/\/elinformanteperu.com\/wp-content\/uploads\/2023\/10\/esposado-detenido-300x201.jpg 300w, https:\/\/elinformanteperu.com\/wp-content\/uploads\/2023\/10\/esposado-detenido-768x513.jpg 768w, https:\/\/elinformanteperu.com\/wp-content\/uploads\/2023\/10\/esposado-detenido-1536x1027.jpg 1536w, https:\/\/elinformanteperu.com\/wp-content\/uploads\/2023\/10\/esposado-detenido.jpg 1800w\" sizes=\"(max-width: 615px) 100vw, 615px\" \/><\/a><span style=\"color: #000000;\">De otro lado, la misma Tercera Sala Penal de Apelaciones de la Corte de La Libertad confirm\u00f3 la condena de 35 a\u00f1os de pena privativa de la libertad para Loyer Pa\u00fal Flores Castillo (35) como autor del delito contra la libertad sexual en la modalidad de violaci\u00f3n sexual de menor de edad en agravio de A.N.R.V.,(12) y al pago por reparaci\u00f3n civil de S\/. 20, 000.00 soles a favor de la agraviada.<\/span><\/p>\n<p><span style=\"color: #000000;\">Loyer Flores ya hab\u00eda sido sentenciado en primera instancia el 18 de julio de 2024 condena obtenida por la fiscal provincial Elena del Carmen Jara Casta\u00f1eda de la Primera Fiscal\u00eda Provincial Penal Corporativa de Trujillo.<\/span><\/p>\n<p><span style=\"color: #000000;\">La fiscal superior Carla Aurora Le\u00f3n Aguilar de la Quinta Fiscal\u00eda Superior Penal de La Libertad sustent\u00f3 la denuncia del Ministerio P\u00fablico contra Flores Castillo y revel\u00f3 que el acusado conoci\u00f3 a su victima en el a\u00f1o 2022 cuando trabajaba en el Porvenir cerca a la casa de la menor desde ese tiempo mantuvieron comunicaci\u00f3n. Los hechos ocurrieron el 5 de marzo de 2023 cuando la agraviada luego de una discusi\u00f3n con su madre sale de su vivienda para encontrarse con Loyer Flores cerca del distrito de La Esperanza.<\/span><\/p>\n<p><span style=\"color: #000000;\">El hoy condenado le habr\u00eda ofrecido ayuda para llevarla a su casa por El Milagro, pero antes de ello la convence de ir a un hostal donde se concret\u00f3 el delito y cuando la menor estaba bajando las escaleras Flores Castillo le hizo una se\u00f1a con su mano que espere, para que no la vean hasta que \u00e9l entregaba la llave del cuarto.<\/span><\/p>\n<p><span style=\"color: #000000;\">Luego salieron ambos del hostal, siendo intervenidos por personal policial tras ser alertados por los vecinos del lugar, que una persona de sexo masculino se encontraba saliendo de un hostal con una menor.<\/span><\/p>\n","protected":false},"excerpt":{"rendered":"<p>Trujillo, 27 Noviembre 2024, (ANDINA).- La Tercera Sala Penal de Apelaciones de la Corte Superior de Justicia de La Libertad ratific\u00f3 la pena de cadena perpetua para Wilson David Mu\u00f1oz M\u00e9ndez como autor del delito de violaci\u00f3n sexual de menor de edad en agravio de P.E.C.T.(12) ; y al pago de 7,500 soles por reparaci\u00f3n [&hellip;]<\/p>\n","protected":false},"author":1,"featured_media":129134,"comment_status":"closed","ping_status":"closed","sticky":false,"template":"","format":"standard","meta":{"rop_custom_images_group":[],"rop_custom_messages_group":[],"rop_publish_now":"initial","rop_publish_now_accounts":[],"rop_publish_now_history":[],"rop_publish_now_status":"pending","footnotes":""},"categories":[10],"tags":[4270,163,3362],"class_list":["post-129133","post","type-post","status-publish","format-standard","has-post-thumbnail","hentry","category-actualidad-municipal","tag-la-libertad","tag-poder-judicial","tag-trujillo"],"_links":{"self":[{"href":"https:\/\/elinformanteperu.com\/index.php\/wp-json\/wp\/v2\/posts\/129133","targetHints":{"allow":["GET"]}}],"collection":[{"href":"https:\/\/elinformanteperu.com\/index.php\/wp-json\/wp\/v2\/posts"}],"about":[{"href":"https:\/\/elinformanteperu.com\/index.php\/wp-json\/wp\/v2\/types\/post"}],"author":[{"embeddable":true,"href":"https:\/\/elinformanteperu.com\/index.php\/wp-json\/wp\/v2\/users\/1"}],"replies":[{"embeddable":true,"href":"https:\/\/elinformanteperu.com\/index.php\/wp-json\/wp\/v2\/comments?post=129133"}],"version-history":[{"count":1,"href":"https:\/\/elinformanteperu.com\/index.php\/wp-json\/wp\/v2\/posts\/129133\/revisions"}],"predecessor-version":[{"id":129135,"href":"https:\/\/elinformanteperu.com\/index.php\/wp-json\/wp\/v2\/posts\/129133\/revisions\/129135"}],"wp:featuredmedia":[{"embeddable":true,"href":"https:\/\/elinformanteperu.com\/index.php\/wp-json\/wp\/v2\/media\/129134"}],"wp:attachment":[{"href":"https:\/\/elinformanteperu.com\/index.php\/wp-json\/wp\/v2\/media?parent=129133"}],"wp:term":[{"taxonomy":"category","embeddable":true,"href":"https:\/\/elinformanteperu.com\/index.php\/wp-json\/wp\/v2\/categories?post=129133"},{"taxonomy":"post_tag","embeddable":true,"href":"https:\/\/elinformanteperu.com\/index.php\/wp-json\/wp\/v2\/tags?post=129133"}],"curies":[{"name":"wp","href":"https:\/\/api.w.org\/{rel}","templated":true}]}}