{"id":129126,"date":"2024-11-27T23:53:50","date_gmt":"2024-11-28T04:53:50","guid":{"rendered":"https:\/\/elinformanteperu.com\/?p=129126"},"modified":"2024-11-27T23:53:50","modified_gmt":"2024-11-28T04:53:50","slug":"arequipa-el-valle-del-colca-ha-recibido-260000-turistas-desde-enero","status":"publish","type":"post","link":"https:\/\/elinformanteperu.com\/index.php\/2024\/11\/27\/arequipa-el-valle-del-colca-ha-recibido-260000-turistas-desde-enero\/","title":{"rendered":"Arequipa: el valle del Colca ha recibido 260,000 turistas desde enero"},"content":{"rendered":"<p><strong><span style=\"color: #000000;\">El n\u00famero de visitantes est\u00e1 por alcanzar cifras prepandemia para satisfacci\u00f3n del sector Turismo<\/span><\/strong><\/p>\n<p><span style=\"color: #000000;\"><strong>Lima, 27 Noviembre 2024, (ANDINA).-<\/strong> El flujo tur\u00edstico en el valle del Colca, regi\u00f3n Arequipa, est\u00e1 por alcanzar las cifras prepandemia, ya que de enero a la fecha han arribaron 260,000 turistas, entre nacionales y extranjeros.<\/span><\/p>\n<p><span style=\"color: #000000;\">Se prev\u00e9 que la cifra se eleve hasta fin de a\u00f1o y cerrar con 275,000 turistas, n\u00famero de visitantes registrada en el 2019, inform\u00f3 el presidente del directorio de la Autoridad Aut\u00f3noma del Colca y Anexos (Autocolca), Alfonso Mamani.<\/span><\/p>\n<p><span style=\"color: #000000;\">El tambi\u00e9n alcalde de la provincia de Caylloma se\u00f1al\u00f3 que si bien el turismo fue unos de los sectores afectados por la pandemia del covid-19, todos los operados tur\u00edsticos han trabajado para llegar a cifras prepandemia.<\/span><\/p>\n<p><span style=\"color: #000000;\">Dijo que Autocolca trabaja en la promoci\u00f3n tur\u00edstica y en la puesta en valor de nuevos destinos tur\u00edsticos en el valle del Colca, con el fin de lograr que los turistas permanezcan en la zona m\u00e1s de un d\u00eda y medio, como ahora sucede.<\/span><\/p>\n<p><span style=\"color: #000000;\">\u00abAutocolca est\u00e1 trabajando en la puesta en valor de complejos arqueol\u00f3gicos, miradores tur\u00edsticos naturales, caminos de trekking, se\u00f1alizaci\u00f3n tur\u00edstica, entre otros proyectos que buscan motivar a los turistas permanecer m\u00e1s de un d\u00eda en el valle del Colca\u00bb, manifest\u00f3.<\/span><\/p>\n<p><span style=\"color: #000000;\">Mamani record\u00f3 que del 7 al 11 de diciembre, en el distrito de Chivay, se celebrar\u00e1 la fiesta de la Virgen Inmaculada Concepci\u00f3n, festividad que congrega a turistas locales, nacionales y extranjeros; esta es una buena oportunidad para que la gente visite el valle del Colca en estos d\u00edas.<\/span><\/p>\n<p><a href=\"https:\/\/elinformanteperu.com\/wp-content\/uploads\/2024\/11\/valle-del-colca-arequipa1.jpg\"><img fetchpriority=\"high\" decoding=\"async\" class=\"size-large wp-image-129128 aligncenter\" src=\"https:\/\/elinformanteperu.com\/wp-content\/uploads\/2024\/11\/valle-del-colca-arequipa1-1024x683.jpg\" alt=\"\" width=\"615\" height=\"410\" srcset=\"https:\/\/elinformanteperu.com\/wp-content\/uploads\/2024\/11\/valle-del-colca-arequipa1-1024x683.jpg 1024w, https:\/\/elinformanteperu.com\/wp-content\/uploads\/2024\/11\/valle-del-colca-arequipa1-300x200.jpg 300w, https:\/\/elinformanteperu.com\/wp-content\/uploads\/2024\/11\/valle-del-colca-arequipa1-768x512.jpg 768w, https:\/\/elinformanteperu.com\/wp-content\/uploads\/2024\/11\/valle-del-colca-arequipa1-1536x1024.jpg 1536w, https:\/\/elinformanteperu.com\/wp-content\/uploads\/2024\/11\/valle-del-colca-arequipa1.jpg 1800w\" sizes=\"(max-width: 615px) 100vw, 615px\" \/><\/a><\/p>\n","protected":false},"excerpt":{"rendered":"<p>El n\u00famero de visitantes est\u00e1 por alcanzar cifras prepandemia para satisfacci\u00f3n del sector Turismo Lima, 27 Noviembre 2024, (ANDINA).- El flujo tur\u00edstico en el valle del Colca, regi\u00f3n Arequipa, est\u00e1 por alcanzar las cifras prepandemia, ya que de enero a la fecha han arribaron 260,000 turistas, entre nacionales y extranjeros. Se prev\u00e9 que la cifra [&hellip;]<\/p>\n","protected":false},"author":1,"featured_media":129127,"comment_status":"closed","ping_status":"closed","sticky":false,"template":"","format":"standard","meta":{"rop_custom_images_group":[],"rop_custom_messages_group":[],"rop_publish_now":"initial","rop_publish_now_accounts":[],"rop_publish_now_history":[],"rop_publish_now_status":"pending","footnotes":""},"categories":[10],"tags":[769,5840],"class_list":["post-129126","post","type-post","status-publish","format-standard","has-post-thumbnail","hentry","category-actualidad-municipal","tag-arequipa","tag-valle-del-colca"],"_links":{"self":[{"href":"https:\/\/elinformanteperu.com\/index.php\/wp-json\/wp\/v2\/posts\/129126","targetHints":{"allow":["GET"]}}],"collection":[{"href":"https:\/\/elinformanteperu.com\/index.php\/wp-json\/wp\/v2\/posts"}],"about":[{"href":"https:\/\/elinformanteperu.com\/index.php\/wp-json\/wp\/v2\/types\/post"}],"author":[{"embeddable":true,"href":"https:\/\/elinformanteperu.com\/index.php\/wp-json\/wp\/v2\/users\/1"}],"replies":[{"embeddable":true,"href":"https:\/\/elinformanteperu.com\/index.php\/wp-json\/wp\/v2\/comments?post=129126"}],"version-history":[{"count":1,"href":"https:\/\/elinformanteperu.com\/index.php\/wp-json\/wp\/v2\/posts\/129126\/revisions"}],"predecessor-version":[{"id":129129,"href":"https:\/\/elinformanteperu.com\/index.php\/wp-json\/wp\/v2\/posts\/129126\/revisions\/129129"}],"wp:featuredmedia":[{"embeddable":true,"href":"https:\/\/elinformanteperu.com\/index.php\/wp-json\/wp\/v2\/media\/129127"}],"wp:attachment":[{"href":"https:\/\/elinformanteperu.com\/index.php\/wp-json\/wp\/v2\/media?parent=129126"}],"wp:term":[{"taxonomy":"category","embeddable":true,"href":"https:\/\/elinformanteperu.com\/index.php\/wp-json\/wp\/v2\/categories?post=129126"},{"taxonomy":"post_tag","embeddable":true,"href":"https:\/\/elinformanteperu.com\/index.php\/wp-json\/wp\/v2\/tags?post=129126"}],"curies":[{"name":"wp","href":"https:\/\/api.w.org\/{rel}","templated":true}]}}