{"id":129122,"date":"2024-11-27T23:50:17","date_gmt":"2024-11-28T04:50:17","guid":{"rendered":"https:\/\/elinformanteperu.com\/?p=129122"},"modified":"2024-11-27T23:50:17","modified_gmt":"2024-11-28T04:50:17","slug":"sutran-abrira-puesto-de-control-en-el-centro-binacional-de-atencion-fronteriza-en-tumbes","status":"publish","type":"post","link":"https:\/\/elinformanteperu.com\/index.php\/2024\/11\/27\/sutran-abrira-puesto-de-control-en-el-centro-binacional-de-atencion-fronteriza-en-tumbes\/","title":{"rendered":"Sutran abrir\u00e1 puesto de control en el Centro Binacional de Atenci\u00f3n Fronteriza en Tumbes"},"content":{"rendered":"<p><strong><span style=\"color: #000000;\">Espacio estar\u00e1 listo en el primer trimestre del 2025, afirma el superintendente Abel Alvarado<\/span><\/strong><\/p>\n<p><span style=\"color: #000000;\"><strong>Tumbes, 27 Noviembre 2024, (ANDINA).-<\/strong> En el primer trimestre del 2025 estar\u00e1 listo, en el Centro Binacional de Atenci\u00f3n Fronteriza (Cebaf) de Tumbes, el puesto de control asignado a la Superintendencia de Transporte Terrestre de Personas, Carga y Mercanc\u00edas (Sutran), adscrita al Ministerio de Transportes y Comunicaciones (MTC), para fortalecer las acciones de fiscalizaci\u00f3n y control, inform\u00f3 el superintendente Abel Alvarado Huertas en un reciente viaje de trabajo.<\/span><\/p>\n<p><span style=\"color: #000000;\">El puesto de control ayudar\u00e1 a mejorar la supervisi\u00f3n de veh\u00edculos y conductores, as\u00ed como de los pesos y las dimensiones de las unidades de carga que transitan por la frontera. Ello en el contexto de las condiciones reguladas en las Decisiones de la Comunidad Andina y los acuerdos bilaterales vigentes.<\/span><\/p>\n<p><span style=\"color: #000000;\">Alvarado Huertas agradeci\u00f3 la predisposici\u00f3n y voluntad de trabajo conjunto de la Intendencia Nacional de Desarrollo e Innovaci\u00f3n Aduanera de la Superintendencia Nacional de Aduanas y de Administraci\u00f3n Tributaria (Sunat), instancia con la que se lleva adelante el proyecto.<\/span><\/p>\n<p><a href=\"https:\/\/elinformanteperu.com\/wp-content\/uploads\/2024\/11\/sutran-tumbes1.jpg\"><img fetchpriority=\"high\" decoding=\"async\" class=\"size-full wp-image-129124 aligncenter\" src=\"https:\/\/elinformanteperu.com\/wp-content\/uploads\/2024\/11\/sutran-tumbes1.jpg\" alt=\"\" width=\"500\" height=\"334\" srcset=\"https:\/\/elinformanteperu.com\/wp-content\/uploads\/2024\/11\/sutran-tumbes1.jpg 500w, https:\/\/elinformanteperu.com\/wp-content\/uploads\/2024\/11\/sutran-tumbes1-300x200.jpg 300w\" sizes=\"(max-width: 500px) 100vw, 500px\" \/><\/a><strong><span style=\"color: #000000;\">Unidos por carreteras m\u00e1s seguras<\/span><\/strong><\/p>\n<p><span style=\"color: #000000;\">Con la Polic\u00eda Nacional, representantes de Migraciones, la Superintendencia Nacional de Fiscalizaci\u00f3n Laboral (Sunafil), el Servicio Nacional de Sanidad y Calidad Agroalimentaria (Senasa), la comuna provincial y la Direcci\u00f3n Regional de Transportes y Comunicaciones, la Sutr\u00e1n tambi\u00e9n lider\u00f3 un operativo en el kil\u00f3metro 1,260 de la Panamericana Norte para verificar que cada veh\u00edculo cumpla con las normas.<\/span><\/p>\n<p><span style=\"color: #000000;\">Asimismo, se llevaron a cabo reuniones de trabajo con el jefe de la Regi\u00f3n Policial Tumbes, general PNP Javier Gonzales Novoa, y el gobernador Segismundo Cruces Ordinola, ante quienes se ratific\u00f3 el compromiso de la Sutr\u00e1n para articular esfuerzos en procura de la seguridad vial.<\/span><\/p>\n<p><span style=\"color: #000000;\">Se dialog\u00f3 con autoridades del Proyecto Especial Binacional Puyango Tumbes, a cargo de la formulaci\u00f3n de estudios y ejecuci\u00f3n de obras para el desarrollo e irrigaci\u00f3n de las cuencas de los r\u00edos Puyango, Tumbes, Catamayo y Chira, con miras a la instalaci\u00f3n de un espacio f\u00edsico similar al del Cebaf.<\/span><\/p>\n<p><span style=\"color: #000000;\">La Sutran continuar\u00e1 trabajando de forma articulada en todo el pa\u00eds para garantizar el cumplimiento de la normativa y promover un transporte terrestre cada vez m\u00e1s ordenado, eficiente y seguro.<\/span><\/p>\n","protected":false},"excerpt":{"rendered":"<p>Espacio estar\u00e1 listo en el primer trimestre del 2025, afirma el superintendente Abel Alvarado Tumbes, 27 Noviembre 2024, (ANDINA).- En el primer trimestre del 2025 estar\u00e1 listo, en el Centro Binacional de Atenci\u00f3n Fronteriza (Cebaf) de Tumbes, el puesto de control asignado a la Superintendencia de Transporte Terrestre de Personas, Carga y Mercanc\u00edas (Sutran), adscrita [&hellip;]<\/p>\n","protected":false},"author":1,"featured_media":129123,"comment_status":"closed","ping_status":"closed","sticky":false,"template":"","format":"standard","meta":{"rop_custom_images_group":[],"rop_custom_messages_group":[],"rop_publish_now":"initial","rop_publish_now_accounts":[],"rop_publish_now_history":[],"rop_publish_now_status":"pending","footnotes":""},"categories":[10],"tags":[617,1007],"class_list":["post-129122","post","type-post","status-publish","format-standard","has-post-thumbnail","hentry","category-actualidad-municipal","tag-sutran","tag-tumbes"],"_links":{"self":[{"href":"https:\/\/elinformanteperu.com\/index.php\/wp-json\/wp\/v2\/posts\/129122","targetHints":{"allow":["GET"]}}],"collection":[{"href":"https:\/\/elinformanteperu.com\/index.php\/wp-json\/wp\/v2\/posts"}],"about":[{"href":"https:\/\/elinformanteperu.com\/index.php\/wp-json\/wp\/v2\/types\/post"}],"author":[{"embeddable":true,"href":"https:\/\/elinformanteperu.com\/index.php\/wp-json\/wp\/v2\/users\/1"}],"replies":[{"embeddable":true,"href":"https:\/\/elinformanteperu.com\/index.php\/wp-json\/wp\/v2\/comments?post=129122"}],"version-history":[{"count":1,"href":"https:\/\/elinformanteperu.com\/index.php\/wp-json\/wp\/v2\/posts\/129122\/revisions"}],"predecessor-version":[{"id":129125,"href":"https:\/\/elinformanteperu.com\/index.php\/wp-json\/wp\/v2\/posts\/129122\/revisions\/129125"}],"wp:featuredmedia":[{"embeddable":true,"href":"https:\/\/elinformanteperu.com\/index.php\/wp-json\/wp\/v2\/media\/129123"}],"wp:attachment":[{"href":"https:\/\/elinformanteperu.com\/index.php\/wp-json\/wp\/v2\/media?parent=129122"}],"wp:term":[{"taxonomy":"category","embeddable":true,"href":"https:\/\/elinformanteperu.com\/index.php\/wp-json\/wp\/v2\/categories?post=129122"},{"taxonomy":"post_tag","embeddable":true,"href":"https:\/\/elinformanteperu.com\/index.php\/wp-json\/wp\/v2\/tags?post=129122"}],"curies":[{"name":"wp","href":"https:\/\/api.w.org\/{rel}","templated":true}]}}