{"id":12876,"date":"2017-07-11T00:06:30","date_gmt":"2017-07-11T05:06:30","guid":{"rendered":"http:\/\/elinformanteperu.com\/?p=12876"},"modified":"2017-07-11T00:06:30","modified_gmt":"2017-07-11T05:06:30","slug":"kuczynski-recibira-a-keiko-fujimori-a-las-1530-horas-para-dialogo","status":"publish","type":"post","link":"https:\/\/elinformanteperu.com\/index.php\/2017\/07\/11\/kuczynski-recibira-a-keiko-fujimori-a-las-1530-horas-para-dialogo\/","title":{"rendered":"Kuczynski recibir\u00e1 a Keiko Fujimori a las 15:30 horas para di\u00e1logo"},"content":{"rendered":"<p><strong><span style=\"color: #000000;\">El presidente Pedro Pablo Kuczynski, recibir\u00e1 este martes, a las 15:30 horas, a la lideresa de Fuerza Popular, Keiko Fujimori, para el inicio del di\u00e1logo en Palacio de Gobierno.<\/span><\/strong><\/p>\n<p><span style=\"color: #000000;\"><strong>Lima, 10 Julio 2017, (ANDINA).-<\/strong> El presidente de la Rep\u00fablica, Pedro Pablo Kuczynski, recibir\u00e1 este martes, a las 15:30 horas, a la lideresa de Fuerza Popular, Keiko Fujimori, para el inicio del di\u00e1logo en Palacio de Gobierno.<\/span><\/p>\n<p><span style=\"color: #000000;\">El ingreso de la lideresa de Fuerza Popular ser\u00e1 por la puerta Per\u00fa de la Casa de Gobierno, ubicada en el jir\u00f3n de la Uni\u00f3n, informa la Secretar\u00eda de Prensa de la Presidencia de la Rep\u00fablica.<\/span><\/p>\n<p><span style=\"color: #000000;\">Hoy, la lideresa de Fuerza Popular confirm\u00f3 su participaci\u00f3n en el di\u00e1logo con el presidente Pedro Pablo Kuczynski, propuesto a trav\u00e9s de una carta del 3 de julio.<\/span><\/p>\n<p><span style=\"color: #000000;\">En la misiva Keiko Fujimori propone reunirse para abordar temas medulares como la reconstrucci\u00f3n y la lucha contra la corrupci\u00f3n.<\/span><\/p>\n<p><span style=\"color: #000000;\">El mandatario indic\u00f3 que en dialogo se abordar\u00e1n temas referidos a c\u00f3mo darle una mejor gobernabilidad al pa\u00eds, la seguridad ciudadana y los decretos legislativos dados por el Ejecutivo al amparo de las facultades, y derogados por el Congreso.<\/span><\/p>\n<p><span style=\"color: #000000;\">Este ser\u00e1 el segundo encuentro entre el jefe del Estado y la lideresa del partido pol\u00edtico con una amplia mayor\u00eda en el Congreso de la Rep\u00fablica.<\/span><\/p>\n<p><span style=\"color: #000000;\">La primera reuni\u00f3n entre ambos se produjo el 19 de diciembre de 2016 en la casa del cardenal Juan Luis Cipriani. Fue, seg\u00fan dijo el jefe del Estado, una conversaci\u00f3n \u00fatil, franca y constructiva.<\/span><\/p>\n","protected":false},"excerpt":{"rendered":"<p>El presidente Pedro Pablo Kuczynski, recibir\u00e1 este martes, a las 15:30 horas, a la lideresa de Fuerza Popular, Keiko Fujimori, para el inicio del di\u00e1logo en Palacio de Gobierno. Lima, 10 Julio 2017, (ANDINA).- El presidente de la Rep\u00fablica, Pedro Pablo Kuczynski, recibir\u00e1 este martes, a las 15:30 horas, a la lideresa de Fuerza Popular, [&hellip;]<\/p>\n","protected":false},"author":1,"featured_media":2852,"comment_status":"open","ping_status":"open","sticky":false,"template":"","format":"standard","meta":{"rop_custom_images_group":[],"rop_custom_messages_group":[],"rop_publish_now":"initial","rop_publish_now_accounts":[],"rop_publish_now_history":[],"rop_publish_now_status":"pending","footnotes":""},"categories":[5],"tags":[557,74],"class_list":["post-12876","post","type-post","status-publish","format-standard","has-post-thumbnail","hentry","category-actualidad-informativa","tag-keiko-fujimori","tag-pedro-pablo-kuczynski"],"_links":{"self":[{"href":"https:\/\/elinformanteperu.com\/index.php\/wp-json\/wp\/v2\/posts\/12876","targetHints":{"allow":["GET"]}}],"collection":[{"href":"https:\/\/elinformanteperu.com\/index.php\/wp-json\/wp\/v2\/posts"}],"about":[{"href":"https:\/\/elinformanteperu.com\/index.php\/wp-json\/wp\/v2\/types\/post"}],"author":[{"embeddable":true,"href":"https:\/\/elinformanteperu.com\/index.php\/wp-json\/wp\/v2\/users\/1"}],"replies":[{"embeddable":true,"href":"https:\/\/elinformanteperu.com\/index.php\/wp-json\/wp\/v2\/comments?post=12876"}],"version-history":[{"count":1,"href":"https:\/\/elinformanteperu.com\/index.php\/wp-json\/wp\/v2\/posts\/12876\/revisions"}],"predecessor-version":[{"id":12877,"href":"https:\/\/elinformanteperu.com\/index.php\/wp-json\/wp\/v2\/posts\/12876\/revisions\/12877"}],"wp:featuredmedia":[{"embeddable":true,"href":"https:\/\/elinformanteperu.com\/index.php\/wp-json\/wp\/v2\/media\/2852"}],"wp:attachment":[{"href":"https:\/\/elinformanteperu.com\/index.php\/wp-json\/wp\/v2\/media?parent=12876"}],"wp:term":[{"taxonomy":"category","embeddable":true,"href":"https:\/\/elinformanteperu.com\/index.php\/wp-json\/wp\/v2\/categories?post=12876"},{"taxonomy":"post_tag","embeddable":true,"href":"https:\/\/elinformanteperu.com\/index.php\/wp-json\/wp\/v2\/tags?post=12876"}],"curies":[{"name":"wp","href":"https:\/\/api.w.org\/{rel}","templated":true}]}}