{"id":12865,"date":"2017-07-10T23:37:36","date_gmt":"2017-07-11T04:37:36","guid":{"rendered":"http:\/\/elinformanteperu.com\/?p=12865"},"modified":"2017-07-10T23:37:36","modified_gmt":"2017-07-11T04:37:36","slug":"kuczynski-pide-identificar-a-responsables-del-accidente-en-cerro-san-cristobal","status":"publish","type":"post","link":"https:\/\/elinformanteperu.com\/index.php\/2017\/07\/10\/kuczynski-pide-identificar-a-responsables-del-accidente-en-cerro-san-cristobal\/","title":{"rendered":"Kuczynski pide identificar a responsables del accidente en Cerro San Crist\u00f3bal"},"content":{"rendered":"<p><strong><span style=\"color: #000000;\">El presidente de la Rep\u00fablica, Pedro Pablo Kuczynski, expres\u00f3 sus condolencias a los familiares de las v\u00edctimas del accidente ocurrido ayer en el Cerro San Crist\u00f3bal.<\/span><\/strong><\/p>\n<p><span style=\"color: #000000;\"><strong>Lima, 10 Julio 2017, (ANDINA).-<\/strong> El presidente de la Rep\u00fablica, Pedro Pablo Kuczynski, expres\u00f3 sus condolencias a los familiares de las v\u00edctimas del accidente ocurrido ayer en el Cerro San Crist\u00f3bal, y demando una investigaci\u00f3n que identifique a los responsables.<\/span><\/p>\n<p><span style=\"color: #000000;\">El mandatario dijo en sus redes sociales que esta es una \u201clamentable situaci\u00f3n que nos enluta a todos\u201d.<\/span><\/p>\n<p><span style=\"color: #000000;\">Ayer, un bus de la empresa Green Tours, que brinda servicios de paseos tur\u00edsticos, cay\u00f3 cuando descend\u00eda del Cerro San Crist\u00f3bal, en el distrito del R\u00edmac. De acuerdo a la informaci\u00f3n oficial, nueve personas fallecieron, entre ellas turistas peruanos y extranjeros, mientras que 57 personas resultaron heridas.<\/span><\/p>\n<p><span style=\"color: #000000;\">Kuczynski exigi\u00f3 \u201cuna investigaci\u00f3n que identifique a los responsables de este tr\u00e1gico accidente\u201d.<\/span><\/p>\n<p><span style=\"color: #000000;\">Indic\u00f3 adem\u00e1s que urge la creaci\u00f3n de la Autoridad Metropolitana de Transporte, y la construcci\u00f3n de un telef\u00e9rico que formalice el turismo en esa zona\u201d.<\/span><\/p>\n<p><span style=\"color: #000000;\">Los heridos del accidente, entre los cuales figuran seis chilenos y dos canadienses, son atendidos en diferentes hospitales y cl\u00ednicas de la capital.<\/span><\/p>\n<p><span style=\"color: #000000;\">No se ha determinado a\u00fan las causas del accidente. La Municipalidad del R\u00edmac, jurisdicci\u00f3n a la que pertenece el mirador del Cerro San Crist\u00f3bal, neg\u00f3 haber dado autorizaci\u00f3n para las operaciones de buses tur\u00edsticos en esta zona, solo reconoce no haber colocado una se\u00f1alizaci\u00f3n en la zona.<\/span><\/p>\n","protected":false},"excerpt":{"rendered":"<p>El presidente de la Rep\u00fablica, Pedro Pablo Kuczynski, expres\u00f3 sus condolencias a los familiares de las v\u00edctimas del accidente ocurrido ayer en el Cerro San Crist\u00f3bal. Lima, 10 Julio 2017, (ANDINA).- El presidente de la Rep\u00fablica, Pedro Pablo Kuczynski, expres\u00f3 sus condolencias a los familiares de las v\u00edctimas del accidente ocurrido ayer en el Cerro [&hellip;]<\/p>\n","protected":false},"author":1,"featured_media":1229,"comment_status":"open","ping_status":"open","sticky":false,"template":"","format":"standard","meta":{"rop_custom_images_group":[],"rop_custom_messages_group":[],"rop_publish_now":"initial","rop_publish_now_accounts":[],"rop_publish_now_history":[],"rop_publish_now_status":"pending","footnotes":""},"categories":[5],"tags":[1871,74],"class_list":["post-12865","post","type-post","status-publish","format-standard","has-post-thumbnail","hentry","category-actualidad-informativa","tag-cerro-san-cristobal","tag-pedro-pablo-kuczynski"],"_links":{"self":[{"href":"https:\/\/elinformanteperu.com\/index.php\/wp-json\/wp\/v2\/posts\/12865","targetHints":{"allow":["GET"]}}],"collection":[{"href":"https:\/\/elinformanteperu.com\/index.php\/wp-json\/wp\/v2\/posts"}],"about":[{"href":"https:\/\/elinformanteperu.com\/index.php\/wp-json\/wp\/v2\/types\/post"}],"author":[{"embeddable":true,"href":"https:\/\/elinformanteperu.com\/index.php\/wp-json\/wp\/v2\/users\/1"}],"replies":[{"embeddable":true,"href":"https:\/\/elinformanteperu.com\/index.php\/wp-json\/wp\/v2\/comments?post=12865"}],"version-history":[{"count":1,"href":"https:\/\/elinformanteperu.com\/index.php\/wp-json\/wp\/v2\/posts\/12865\/revisions"}],"predecessor-version":[{"id":12866,"href":"https:\/\/elinformanteperu.com\/index.php\/wp-json\/wp\/v2\/posts\/12865\/revisions\/12866"}],"wp:featuredmedia":[{"embeddable":true,"href":"https:\/\/elinformanteperu.com\/index.php\/wp-json\/wp\/v2\/media\/1229"}],"wp:attachment":[{"href":"https:\/\/elinformanteperu.com\/index.php\/wp-json\/wp\/v2\/media?parent=12865"}],"wp:term":[{"taxonomy":"category","embeddable":true,"href":"https:\/\/elinformanteperu.com\/index.php\/wp-json\/wp\/v2\/categories?post=12865"},{"taxonomy":"post_tag","embeddable":true,"href":"https:\/\/elinformanteperu.com\/index.php\/wp-json\/wp\/v2\/tags?post=12865"}],"curies":[{"name":"wp","href":"https:\/\/api.w.org\/{rel}","templated":true}]}}