{"id":12861,"date":"2017-07-10T23:16:27","date_gmt":"2017-07-11T04:16:27","guid":{"rendered":"http:\/\/elinformanteperu.com\/?p=12861"},"modified":"2017-07-10T23:16:27","modified_gmt":"2017-07-11T04:16:27","slug":"gobierno-decidira-esta-semana-sobre-autografa-que-prohibe-uso-de-leche-en-polvo","status":"publish","type":"post","link":"https:\/\/elinformanteperu.com\/index.php\/2017\/07\/10\/gobierno-decidira-esta-semana-sobre-autografa-que-prohibe-uso-de-leche-en-polvo\/","title":{"rendered":"Gobierno decidir\u00e1 esta semana sobre aut\u00f3grafa que proh\u00edbe uso de leche en polvo"},"content":{"rendered":"<p><strong><span style=\"color: #000000;\">El ministro de Agricultura, Jos\u00e9 Hern\u00e1ndez, se\u00f1al\u00f3 que el Ejecutivo decidir\u00e1 esta semana si observa o promulga la aut\u00f3grafa de ley que proh\u00edbe el uso de leche en polvo en la elaboraci\u00f3n de productos l\u00e1cteos.<\/span><\/strong><\/p>\n<p><span style=\"color: #000000;\"><strong>Lima, 10 Julio 2017, (ANDINA).-<\/strong> El ministro de Agricultura y Riego, Jos\u00e9 Hern\u00e1ndez, se\u00f1al\u00f3 que el Ejecutivo decidir\u00e1 esta semana si observa o promulga la aut\u00f3grafa de ley que proh\u00edbe el uso de leche en polvo en la elaboraci\u00f3n de productos l\u00e1cteos.<\/span><\/p>\n<p><span style=\"color: #000000;\">\u201c(Esta semana) reci\u00e9n se van a tomar las decisiones, porque eso no es una cuesti\u00f3n de un solo ministerio, sino de varios\u201d, manifest\u00f3 el ministro tras la presentaci\u00f3n de la Encuesta Nacional Agropecuaria 2016.<\/span><\/p>\n<p><span style=\"color: #000000;\">\u201cReci\u00e9n estoy llegando de Europa, he estado toda la semana pasada representando al Per\u00fa en la FAO, y ma\u00f1ana nos reuniremos para ver varios temas con el presidente (Pedro Pablo Kuczynski). Estos son aspectos que se ven en el Consejo de Ministros, y ah\u00ed me informar\u00e1n sobre que dicen los otros sectores\u201d, agreg\u00f3.<\/span><\/p>\n<p><span style=\"color: #000000;\">Cabe recordar que el 15 de junio pasado el Pleno del Congreso de la Rep\u00fablica aprob\u00f3 por amplia mayor\u00eda el proyecto de Ley de Desarrollo de la Ganader\u00eda Lechera.<\/span><\/p>\n<p><span style=\"color: #000000;\">Esta norma establece que la leche en polvo entera, en polvo descremada y lacto sueros no podr\u00e1 ser usada en los procesos de reconstituci\u00f3n y recombinaci\u00f3n para la elaboraci\u00f3n en la industria de leche fluida, leche evaporada, queso, mantequilla y yogurt y en todo aquel producto elaborado para el consumo humano directo.<\/span><\/p>\n<p><span style=\"color: #000000;\">\u201cNosotros hemos tenido una posici\u00f3n (favorable) que es conocida, en funci\u00f3n de lo que fue la versi\u00f3n original (del proyecto de ley), lo que tenemos que analizar ahora es la versi\u00f3n que ha sido aprobada como aut\u00f3grafa\u201d, sostuvo Hern\u00e1ndez.<\/span><\/p>\n<p><span style=\"color: #000000;\">El ministro afirm\u00f3 que de acuerdo a las cifras del 2016, la demanda nacional es de 1 mill\u00f3n 900,000 toneladas.<\/span><\/p>\n<p><span style=\"color: #000000;\">\u201cLa compra de las industrias es menos que eso, porque obviamente tambi\u00e9n hay consumo local, consumo regional y consumo de derivados a trav\u00e9s de quesos\u201d, indic\u00f3.<\/span><\/p>\n","protected":false},"excerpt":{"rendered":"<p>El ministro de Agricultura, Jos\u00e9 Hern\u00e1ndez, se\u00f1al\u00f3 que el Ejecutivo decidir\u00e1 esta semana si observa o promulga la aut\u00f3grafa de ley que proh\u00edbe el uso de leche en polvo en la elaboraci\u00f3n de productos l\u00e1cteos. Lima, 10 Julio 2017, (ANDINA).- El ministro de Agricultura y Riego, Jos\u00e9 Hern\u00e1ndez, se\u00f1al\u00f3 que el Ejecutivo decidir\u00e1 esta semana [&hellip;]<\/p>\n","protected":false},"author":1,"featured_media":11318,"comment_status":"open","ping_status":"open","sticky":false,"template":"","format":"standard","meta":{"rop_custom_images_group":[],"rop_custom_messages_group":[],"rop_publish_now":"initial","rop_publish_now_accounts":[],"rop_publish_now_history":[],"rop_publish_now_status":"pending","footnotes":""},"categories":[5],"tags":[1498,363,1709],"class_list":["post-12861","post","type-post","status-publish","format-standard","has-post-thumbnail","hentry","category-actualidad-informativa","tag-jose-hernandez","tag-ministerio-de-agricultura","tag-pura-vida"],"_links":{"self":[{"href":"https:\/\/elinformanteperu.com\/index.php\/wp-json\/wp\/v2\/posts\/12861","targetHints":{"allow":["GET"]}}],"collection":[{"href":"https:\/\/elinformanteperu.com\/index.php\/wp-json\/wp\/v2\/posts"}],"about":[{"href":"https:\/\/elinformanteperu.com\/index.php\/wp-json\/wp\/v2\/types\/post"}],"author":[{"embeddable":true,"href":"https:\/\/elinformanteperu.com\/index.php\/wp-json\/wp\/v2\/users\/1"}],"replies":[{"embeddable":true,"href":"https:\/\/elinformanteperu.com\/index.php\/wp-json\/wp\/v2\/comments?post=12861"}],"version-history":[{"count":1,"href":"https:\/\/elinformanteperu.com\/index.php\/wp-json\/wp\/v2\/posts\/12861\/revisions"}],"predecessor-version":[{"id":12862,"href":"https:\/\/elinformanteperu.com\/index.php\/wp-json\/wp\/v2\/posts\/12861\/revisions\/12862"}],"wp:featuredmedia":[{"embeddable":true,"href":"https:\/\/elinformanteperu.com\/index.php\/wp-json\/wp\/v2\/media\/11318"}],"wp:attachment":[{"href":"https:\/\/elinformanteperu.com\/index.php\/wp-json\/wp\/v2\/media?parent=12861"}],"wp:term":[{"taxonomy":"category","embeddable":true,"href":"https:\/\/elinformanteperu.com\/index.php\/wp-json\/wp\/v2\/categories?post=12861"},{"taxonomy":"post_tag","embeddable":true,"href":"https:\/\/elinformanteperu.com\/index.php\/wp-json\/wp\/v2\/tags?post=12861"}],"curies":[{"name":"wp","href":"https:\/\/api.w.org\/{rel}","templated":true}]}}