{"id":128252,"date":"2024-11-16T21:52:31","date_gmt":"2024-11-17T02:52:31","guid":{"rendered":"https:\/\/elinformanteperu.com\/?p=128252"},"modified":"2024-11-16T21:52:31","modified_gmt":"2024-11-17T02:52:31","slug":"estados-unidos-destaca-el-impulso-de-la-colaboracion-con-peru","status":"publish","type":"post","link":"https:\/\/elinformanteperu.com\/index.php\/2024\/11\/16\/estados-unidos-destaca-el-impulso-de-la-colaboracion-con-peru\/","title":{"rendered":"Estados Unidos destaca el impulso de la colaboraci\u00f3n con Per\u00fa"},"content":{"rendered":"<p><strong><span style=\"color: #000000;\">A trav\u00e9s de una ficha informativa reconoce el lazo de colaboraci\u00f3n indispensable que mantiene<\/span><\/strong><\/p>\n<p><span style=\"color: #000000;\"><strong>Lima, 16 Noviembre 2024, (ANDINA).-<\/strong> Estados Unidos, a trav\u00e9s de una ficha informativa de la Casa Blanca, destac\u00f3 el impulso de la colaboraci\u00f3n entre el pa\u00eds norteamericano y Per\u00fa, ello en el marco de la reuni\u00f3n bilateral que sostuvieron sus presidentes, Joe Biden y Dina Boluarte, respectivamente.<\/span><\/p>\n<p><span style=\"color: #000000;\">Ambas m\u00e1ximas autoridades de Per\u00fa y Estados Unidos tuvieron un encuentro bilateral durante las reuniones desarrolladas en el Foro de Cooperaci\u00f3n Econ\u00f3mica Asia-Pac\u00edfico (APEC).<\/span><\/p>\n<p><span style=\"color: #000000;\">\u00ab(&#8230;) Estados Unidos reconoce el lazo de colaboraci\u00f3n indispensable que mantiene con Per\u00fa. Estados Unidos y Per\u00fa celebrar\u00e1n 200 a\u00f1os de relaciones diplom\u00e1ticas el 2026, que marcar\u00e1n dos siglos de fuertes lazos en las \u00e1reas de diplomacia, comercio, desarrollo sostenible, seguridad, democracia y derechos humanos, lucha contra el narcotr\u00e1fico y protecci\u00f3n del medio ambiente\u00bb, refiere.<\/span><\/p>\n<p><span style=\"color: #000000;\">Asimismo, precisa que este a\u00f1o ambos pa\u00edses conmemoraron los 15 a\u00f1os del Acuerdo de Promoci\u00f3n Comercial.<\/span><\/p>\n<p><span style=\"color: #000000;\">Refiere, adem\u00e1s, que desde el 2001 la Agencia de Estados Unidos para el Desarrollo Internacional (Usaid) invirti\u00f3 m\u00e1s de 1,800 millones de d\u00f3lares para promover el desarrollo econ\u00f3mico, social y pol\u00edtico, y apoyar a Per\u00fa en la gesti\u00f3n de los flujos migratorios que afectan a la regi\u00f3n.<\/span><\/p>\n<p><span style=\"color: #000000;\">\u00abPer\u00fa, socio fundador de la iniciativa denominada Alianza para la Prosperidad Econ\u00f3mica en las Am\u00e9ricas (Alianza de las Am\u00e9ricas o APEP), respald\u00f3 la Declaraci\u00f3n de Los \u00c1ngeles sobre Migraci\u00f3n y Protecci\u00f3n, y, recientemente, se comprometi\u00f3 a incrementar la cooperaci\u00f3n con Estados Unidos en materia espacial y de minerales cr\u00edticos\u00bb, agrega.<\/span><\/p>\n<p><strong><span style=\"color: #000000;\">S\u00f3lida colaboraci\u00f3n<\/span><\/strong><\/p>\n<p><span style=\"color: #000000;\">Por otro lado, pone algunos ejemplos recientes de la s\u00f3lida colaboraci\u00f3n en \u00e1reas clave, como el impulso a la seguridad y fortalecimiento del estado de derecho, donde mantienen una asociaci\u00f3n de larga data centrada en el fortalecimiento de las operaciones antinarc\u00f3ticos, el combate al crimen organizado transnacional, una mejor respuesta ante desastres naturales, el fomento de la paz y el fortalecimiento de la seguridad regional.<\/span><\/p>\n<p><span style=\"color: #000000;\">Tambi\u00e9n, en la promoci\u00f3n de la prosperidad econ\u00f3mica mutua, el desarrollo y la buena gobernanza; una alianza espacial, que se traduce el trabajo para promover la cooperaci\u00f3n espacial en los sectores civil y de defensa.<\/span><\/p>\n<p><span style=\"color: #000000;\">De igual modo, en el campo de infraestructura segura, protegida y sostenible, donde el sector p\u00fablico y el privado de Estados Unidos desempe\u00f1an un papel importante para fortalecer este sector en Per\u00fa a trav\u00e9s de inversiones y desarrollo de capacidades en sectores cr\u00edticos; y forjar nexos entre pueblos, \u00abque son una manifestaci\u00f3n del alcance y la profundidad de nuestra alianza\u00bb.<\/span><\/p>\n<p><span style=\"color: #000000;\">Para leer el documento completo ingrese al siguiente <a href=\"https:\/\/www.state.gov\/translations\/spanish\/ficha-informativa-impulsar-la-colaboracion-entre-estados-unidos-y-peru\/\"><strong>enlace<\/strong><\/a>.<\/span><\/p>\n<p><a href=\"https:\/\/elinformanteperu.com\/wp-content\/uploads\/2024\/11\/joe-biden-apec-2024.jpg\"><img fetchpriority=\"high\" decoding=\"async\" class=\"size-large wp-image-128144 aligncenter\" src=\"https:\/\/elinformanteperu.com\/wp-content\/uploads\/2024\/11\/joe-biden-apec-2024-1024x683.jpg\" alt=\"\" width=\"615\" height=\"410\" srcset=\"https:\/\/elinformanteperu.com\/wp-content\/uploads\/2024\/11\/joe-biden-apec-2024-1024x683.jpg 1024w, https:\/\/elinformanteperu.com\/wp-content\/uploads\/2024\/11\/joe-biden-apec-2024-300x200.jpg 300w, https:\/\/elinformanteperu.com\/wp-content\/uploads\/2024\/11\/joe-biden-apec-2024-768x512.jpg 768w, https:\/\/elinformanteperu.com\/wp-content\/uploads\/2024\/11\/joe-biden-apec-2024-1536x1024.jpg 1536w, https:\/\/elinformanteperu.com\/wp-content\/uploads\/2024\/11\/joe-biden-apec-2024.jpg 1800w\" sizes=\"(max-width: 615px) 100vw, 615px\" \/><\/a><\/p>\n","protected":false},"excerpt":{"rendered":"<p>A trav\u00e9s de una ficha informativa reconoce el lazo de colaboraci\u00f3n indispensable que mantiene Lima, 16 Noviembre 2024, (ANDINA).- Estados Unidos, a trav\u00e9s de una ficha informativa de la Casa Blanca, destac\u00f3 el impulso de la colaboraci\u00f3n entre el pa\u00eds norteamericano y Per\u00fa, ello en el marco de la reuni\u00f3n bilateral que sostuvieron sus presidentes, [&hellip;]<\/p>\n","protected":false},"author":1,"featured_media":128143,"comment_status":"closed","ping_status":"closed","sticky":false,"template":"","format":"standard","meta":{"rop_custom_images_group":[],"rop_custom_messages_group":[],"rop_publish_now":"initial","rop_publish_now_accounts":[],"rop_publish_now_history":[],"rop_publish_now_status":"pending","footnotes":""},"categories":[5,5745],"tags":[7285,6528,1275,6204],"class_list":["post-128252","post","type-post","status-publish","format-standard","has-post-thumbnail","hentry","category-actualidad-informativa","category-lo-ultimo","tag-apec-2024","tag-dina-boluarte","tag-embajada-de-estados-unidos","tag-joe-biden"],"_links":{"self":[{"href":"https:\/\/elinformanteperu.com\/index.php\/wp-json\/wp\/v2\/posts\/128252","targetHints":{"allow":["GET"]}}],"collection":[{"href":"https:\/\/elinformanteperu.com\/index.php\/wp-json\/wp\/v2\/posts"}],"about":[{"href":"https:\/\/elinformanteperu.com\/index.php\/wp-json\/wp\/v2\/types\/post"}],"author":[{"embeddable":true,"href":"https:\/\/elinformanteperu.com\/index.php\/wp-json\/wp\/v2\/users\/1"}],"replies":[{"embeddable":true,"href":"https:\/\/elinformanteperu.com\/index.php\/wp-json\/wp\/v2\/comments?post=128252"}],"version-history":[{"count":1,"href":"https:\/\/elinformanteperu.com\/index.php\/wp-json\/wp\/v2\/posts\/128252\/revisions"}],"predecessor-version":[{"id":128253,"href":"https:\/\/elinformanteperu.com\/index.php\/wp-json\/wp\/v2\/posts\/128252\/revisions\/128253"}],"wp:featuredmedia":[{"embeddable":true,"href":"https:\/\/elinformanteperu.com\/index.php\/wp-json\/wp\/v2\/media\/128143"}],"wp:attachment":[{"href":"https:\/\/elinformanteperu.com\/index.php\/wp-json\/wp\/v2\/media?parent=128252"}],"wp:term":[{"taxonomy":"category","embeddable":true,"href":"https:\/\/elinformanteperu.com\/index.php\/wp-json\/wp\/v2\/categories?post=128252"},{"taxonomy":"post_tag","embeddable":true,"href":"https:\/\/elinformanteperu.com\/index.php\/wp-json\/wp\/v2\/tags?post=128252"}],"curies":[{"name":"wp","href":"https:\/\/api.w.org\/{rel}","templated":true}]}}