{"id":128247,"date":"2024-11-16T21:44:51","date_gmt":"2024-11-17T02:44:51","guid":{"rendered":"https:\/\/elinformanteperu.com\/?p=128247"},"modified":"2024-11-16T21:44:51","modified_gmt":"2024-11-17T02:44:51","slug":"apec-peru-2024-presidencia-de-peru-fortalecio-imagen-pais-en-el-asia-pacifico","status":"publish","type":"post","link":"https:\/\/elinformanteperu.com\/index.php\/2024\/11\/16\/apec-peru-2024-presidencia-de-peru-fortalecio-imagen-pais-en-el-asia-pacifico\/","title":{"rendered":"APEC Per\u00fa 2024: presidencia de Per\u00fa fortaleci\u00f3 imagen pa\u00eds en el Asia-Pac\u00edfico"},"content":{"rendered":"<p><span style=\"color: #000000;\"><strong>Lima, 16 Noviembre 2024, (ANDINA).-<\/strong> La lideresa de la econom\u00eda de Per\u00fa, Dina Boluarte, afirm\u00f3 que la presidencia de Per\u00fa este a\u00f1o 2024 fue exitosa y marc\u00f3 un hito que fortalece la presencia e imagen pa\u00eds en el plano internacional; as\u00ed como en la regi\u00f3n del Asia-Pac\u00edfico, present\u00e1ndolo como un \u00absocio confiable\u00bb a todas las econom\u00edas integrantes del bloque.<\/span><\/p>\n<p><span style=\"color: #000000;\">Durante sus palabras de cierre como lideresa de la econom\u00eda anfitriona destac\u00f3 cada uno de los logros alcanzados durante el presente a\u00f1o, habi\u00e9ndose registrado la participaci\u00f3n de m\u00e1s 7,400 delegados, 1,200 l\u00edderes empresariales del Asia-Pac\u00edfico y 2,500 periodistas.<\/span><\/p>\n<p><span style=\"color: #000000;\">\u00ab(&#8230;) El ejercicio exitoso de la presidencia APEC por tercera vez en la historia de Per\u00fa ha marcado un hito que fortalece nuestra presencia en el plano internacional, nuestro posicionamiento en el Asia-Pac\u00edfico y nuestra imagen pa\u00eds como socio confiable, abriendo nuevas oportunidades para el comercio, la inversi\u00f3n y la cooperaci\u00f3n internacional en beneficio de nuestra poblaci\u00f3n\u00bb, manifest\u00f3.<\/span><\/p>\n<p><span style=\"color: #000000;\">Destac\u00f3 que durante la presidencia APEC se organizaron m\u00e1s de 280 eventos internacionales, incluidos la Semana de L\u00edderes Econ\u00f3micos y la Cumbre Empresarial; as\u00ed como 11 reuniones ministeriales desarrolladas en cinco ciudades diferentes, \u00abimpulsando la descentralizaci\u00f3n y reforzando imagen internacional de nuestro pa\u00eds como destino del turismo y de la inversi\u00f3n extranjera\u00bb.<\/span><\/p>\n<p><span style=\"color: #000000;\">Adem\u00e1s, uno de los logros m\u00e1s importantes fue la restauraci\u00f3n del consenso en APEC, que se traduce en la adopci\u00f3n de siete instrumentos t\u00e9cnicos pol\u00edticos y la aprobaci\u00f3n de 11 declaraciones ministeriales.<\/span><\/p>\n<p><span style=\"color: #000000;\">En otro momento, resalt\u00f3 la iniciativa APEC Ciudadano, liderada por la Canciller\u00eda, que ten\u00eda como objetivo acercar los beneficios de este foro a la sociedad civil peruana, a trav\u00e9s de 165 eventos durante el presente a\u00f1o.<\/span><\/p>\n<p><span style=\"color: #000000;\">\u00abQuiero agradecer de manera especial a la poblaci\u00f3n peruana por su compromiso, seriedad y patriotismo en esta Semana de L\u00edderes (&#8230;) y agradecer a la prensa nacional e internacional\u00bb, a\u00f1adi\u00f3.<\/span><\/p>\n<p><strong><span style=\"color: #000000;\">Prioridades<\/span><\/strong><\/p>\n<p><span style=\"color: #000000;\">Por otro lado, la lideresa de la econom\u00eda peruana precis\u00f3 que en el a\u00f1o de la presidencia APEC se plantearon tres prioridades tem\u00e1ticas: comercio e inversi\u00f3n para un crecimiento inclusivo e interconectado; innovaci\u00f3n y digitalizaci\u00f3n para promover la transici\u00f3n a la econom\u00eda formal y global; y crecimiento sostenible para un desarrollo resiliente.<\/span><\/p>\n<p><span style=\"color: #000000;\">Tambi\u00e9n explic\u00f3 que la Declaraci\u00f3n de la 31 Reuni\u00f3n de L\u00edderes Econ\u00f3micos de APEC refleja \u00abnuestra visi\u00f3n para construir una comunidad Asia-Pac\u00edfico que sea pr\u00f3spera, pac\u00edfica y resiliente, empoderando a nuestras poblaciones para que reciban los beneficios de la econom\u00eda global\u00bb.<\/span><\/p>\n<p><span style=\"color: #000000;\">La lideresa de la econom\u00eda de Per\u00fa destac\u00f3, adem\u00e1s, la Declaraci\u00f3n de Ichma, sobre una nueva mirada a un acuerdo de libre comercio en el Asia-Pac\u00edfico, instrumento que permitir\u00e1 impulsar la integraci\u00f3n econ\u00f3mica de forma integral y sistem\u00e1tica.<\/span><\/p>\n<p><span style=\"color: #000000;\">\u00abEsta declaraci\u00f3n permite el trabajo en los nuevos temas de comercio internacional como digitalizaci\u00f3n, sostenibilidad e inclusi\u00f3n\u00bb, a\u00f1adi\u00f3.<\/span><\/p>\n","protected":false},"excerpt":{"rendered":"<p>Lima, 16 Noviembre 2024, (ANDINA).- La lideresa de la econom\u00eda de Per\u00fa, Dina Boluarte, afirm\u00f3 que la presidencia de Per\u00fa este a\u00f1o 2024 fue exitosa y marc\u00f3 un hito que fortalece la presencia e imagen pa\u00eds en el plano internacional; as\u00ed como en la regi\u00f3n del Asia-Pac\u00edfico, present\u00e1ndolo como un \u00absocio confiable\u00bb a todas las [&hellip;]<\/p>\n","protected":false},"author":1,"featured_media":128248,"comment_status":"closed","ping_status":"closed","sticky":false,"template":"","format":"standard","meta":{"rop_custom_images_group":[],"rop_custom_messages_group":[],"rop_publish_now":"initial","rop_publish_now_accounts":[],"rop_publish_now_history":[],"rop_publish_now_status":"pending","footnotes":""},"categories":[5],"tags":[7285],"class_list":["post-128247","post","type-post","status-publish","format-standard","has-post-thumbnail","hentry","category-actualidad-informativa","tag-apec-2024"],"_links":{"self":[{"href":"https:\/\/elinformanteperu.com\/index.php\/wp-json\/wp\/v2\/posts\/128247","targetHints":{"allow":["GET"]}}],"collection":[{"href":"https:\/\/elinformanteperu.com\/index.php\/wp-json\/wp\/v2\/posts"}],"about":[{"href":"https:\/\/elinformanteperu.com\/index.php\/wp-json\/wp\/v2\/types\/post"}],"author":[{"embeddable":true,"href":"https:\/\/elinformanteperu.com\/index.php\/wp-json\/wp\/v2\/users\/1"}],"replies":[{"embeddable":true,"href":"https:\/\/elinformanteperu.com\/index.php\/wp-json\/wp\/v2\/comments?post=128247"}],"version-history":[{"count":1,"href":"https:\/\/elinformanteperu.com\/index.php\/wp-json\/wp\/v2\/posts\/128247\/revisions"}],"predecessor-version":[{"id":128249,"href":"https:\/\/elinformanteperu.com\/index.php\/wp-json\/wp\/v2\/posts\/128247\/revisions\/128249"}],"wp:featuredmedia":[{"embeddable":true,"href":"https:\/\/elinformanteperu.com\/index.php\/wp-json\/wp\/v2\/media\/128248"}],"wp:attachment":[{"href":"https:\/\/elinformanteperu.com\/index.php\/wp-json\/wp\/v2\/media?parent=128247"}],"wp:term":[{"taxonomy":"category","embeddable":true,"href":"https:\/\/elinformanteperu.com\/index.php\/wp-json\/wp\/v2\/categories?post=128247"},{"taxonomy":"post_tag","embeddable":true,"href":"https:\/\/elinformanteperu.com\/index.php\/wp-json\/wp\/v2\/tags?post=128247"}],"curies":[{"name":"wp","href":"https:\/\/api.w.org\/{rel}","templated":true}]}}