{"id":128234,"date":"2024-11-16T21:33:36","date_gmt":"2024-11-17T02:33:36","guid":{"rendered":"https:\/\/elinformanteperu.com\/?p=128234"},"modified":"2024-11-16T21:33:36","modified_gmt":"2024-11-17T02:33:36","slug":"apec-peru-2024-apec-ha-dado-pasos-significativos-al-adoptar-entregables-claves","status":"publish","type":"post","link":"https:\/\/elinformanteperu.com\/index.php\/2024\/11\/16\/apec-peru-2024-apec-ha-dado-pasos-significativos-al-adoptar-entregables-claves\/","title":{"rendered":"APEC Per\u00fa 2024: APEC ha dado pasos significativos al adoptar entregables claves"},"content":{"rendered":"<p><span style=\"color: #000000;\"><strong>Lima, 16 Noviembre 2024, (ANDINA).-<\/strong> La lideresa de la econom\u00eda de Per\u00fa, Dina Boluarte, afirm\u00f3 que el Foro de Cooperaci\u00f3n Econ\u00f3mica Asia-Pac\u00edfico (APEC) dio pasos significativos hacia una visi\u00f3n de crecimiento econ\u00f3mico y resiliencia en esta regi\u00f3n, al adoptar entregables claves.<\/span><\/p>\n<p><span style=\"color: #000000;\">Estas palabras fueron ofrecidas durante la inauguraci\u00f3n del retiro de l\u00edderes de APEC, que se desarrolla en Lima, en el centro de convenciones, del distrito de San Borja.<\/span><\/p>\n<p><span style=\"color: #000000;\">\u00abEstamos unidos por el compromiso com\u00fan de crecimiento econ\u00f3mico y resiliencia en nuestra regi\u00f3n, en este contexto es importante destacar que APEC ha dado pasos significativos hacia esa visi\u00f3n al adoptar entregables claves\u00bb, manifest\u00f3.<\/span><\/p>\n<p><span style=\"color: #000000;\">Dijo que entre estos se encuentra el desarrollo e implementaci\u00f3n de marcos de pol\u00edticas de hidr\u00f3geno de bajo carbono en el Asia-Pac\u00edfico, \u00abfundamental para la transici\u00f3n hacia econom\u00edas m\u00e1s verdes\u00bb.<\/span><\/p>\n<p><span style=\"color: #000000;\">Refiri\u00f3, asimismo, que el segundo en importancia es el conjunto de principios para reducir y prevenir la p\u00e9rdida y desperdicios de alimentos, \u00abun desaf\u00edo que afecta nuestra sostenibilidad ambiental y econ\u00f3mica\u00bb.<\/span><\/p>\n<p><span style=\"color: #000000;\">\u00abEstos logros son un testimonio de nuestro compromiso colectivo, sin embargo, hoy debemos enfocarnos en c\u00f3mo implementar estos avances asegurando que contribuyan de manera significativa a nuestra agenda econ\u00f3mica inclusiva, especialmente en nuestros esfuerzos para apoyar nuestra transici\u00f3n hacia una econom\u00eda formal y global\u00bb, dijo.<\/span><\/p>\n<p><span style=\"color: #000000;\">En ese sentido, invoc\u00f3 a los l\u00edderes de las dem\u00e1s econom\u00edas integrantes del APEC a participar en las discusiones de hoy con una perspectiva orientada hacia el futuro.<\/span><\/p>\n<p><span style=\"color: #000000;\">\u00abNuestra agenda de hoy esta dise\u00f1ada para tratar cuestiones claves que dar\u00e1n forma al futuro de nuestras econom\u00edas y ciudadanos, discutiremos el papel de la digitalizaci\u00f3n y la innovaci\u00f3n en la transici\u00f3n de la econom\u00eda formal y global, as\u00ed como la importancia de nuestros esfuerzos conjuntos para navegar en los desaf\u00edos globales actuales\u00bb, agreg\u00f3.<\/span><\/p>\n<p><a href=\"https:\/\/elinformanteperu.com\/wp-content\/uploads\/2024\/11\/apec-dina-asamblea1.jpg\"><img fetchpriority=\"high\" decoding=\"async\" class=\"size-large wp-image-128236 aligncenter\" src=\"https:\/\/elinformanteperu.com\/wp-content\/uploads\/2024\/11\/apec-dina-asamblea1-1024x683.jpg\" alt=\"\" width=\"615\" height=\"410\" srcset=\"https:\/\/elinformanteperu.com\/wp-content\/uploads\/2024\/11\/apec-dina-asamblea1-1024x683.jpg 1024w, https:\/\/elinformanteperu.com\/wp-content\/uploads\/2024\/11\/apec-dina-asamblea1-300x200.jpg 300w, https:\/\/elinformanteperu.com\/wp-content\/uploads\/2024\/11\/apec-dina-asamblea1-768x512.jpg 768w, https:\/\/elinformanteperu.com\/wp-content\/uploads\/2024\/11\/apec-dina-asamblea1-1536x1025.jpg 1536w, https:\/\/elinformanteperu.com\/wp-content\/uploads\/2024\/11\/apec-dina-asamblea1.jpg 1800w\" sizes=\"(max-width: 615px) 100vw, 615px\" \/><\/a><\/p>\n","protected":false},"excerpt":{"rendered":"<p>Lima, 16 Noviembre 2024, (ANDINA).- La lideresa de la econom\u00eda de Per\u00fa, Dina Boluarte, afirm\u00f3 que el Foro de Cooperaci\u00f3n Econ\u00f3mica Asia-Pac\u00edfico (APEC) dio pasos significativos hacia una visi\u00f3n de crecimiento econ\u00f3mico y resiliencia en esta regi\u00f3n, al adoptar entregables claves. Estas palabras fueron ofrecidas durante la inauguraci\u00f3n del retiro de l\u00edderes de APEC, que [&hellip;]<\/p>\n","protected":false},"author":1,"featured_media":128235,"comment_status":"closed","ping_status":"closed","sticky":false,"template":"","format":"standard","meta":{"rop_custom_images_group":[],"rop_custom_messages_group":[],"rop_publish_now":"initial","rop_publish_now_accounts":[],"rop_publish_now_history":[],"rop_publish_now_status":"pending","footnotes":""},"categories":[5],"tags":[7285,6528],"class_list":["post-128234","post","type-post","status-publish","format-standard","has-post-thumbnail","hentry","category-actualidad-informativa","tag-apec-2024","tag-dina-boluarte"],"_links":{"self":[{"href":"https:\/\/elinformanteperu.com\/index.php\/wp-json\/wp\/v2\/posts\/128234","targetHints":{"allow":["GET"]}}],"collection":[{"href":"https:\/\/elinformanteperu.com\/index.php\/wp-json\/wp\/v2\/posts"}],"about":[{"href":"https:\/\/elinformanteperu.com\/index.php\/wp-json\/wp\/v2\/types\/post"}],"author":[{"embeddable":true,"href":"https:\/\/elinformanteperu.com\/index.php\/wp-json\/wp\/v2\/users\/1"}],"replies":[{"embeddable":true,"href":"https:\/\/elinformanteperu.com\/index.php\/wp-json\/wp\/v2\/comments?post=128234"}],"version-history":[{"count":1,"href":"https:\/\/elinformanteperu.com\/index.php\/wp-json\/wp\/v2\/posts\/128234\/revisions"}],"predecessor-version":[{"id":128237,"href":"https:\/\/elinformanteperu.com\/index.php\/wp-json\/wp\/v2\/posts\/128234\/revisions\/128237"}],"wp:featuredmedia":[{"embeddable":true,"href":"https:\/\/elinformanteperu.com\/index.php\/wp-json\/wp\/v2\/media\/128235"}],"wp:attachment":[{"href":"https:\/\/elinformanteperu.com\/index.php\/wp-json\/wp\/v2\/media?parent=128234"}],"wp:term":[{"taxonomy":"category","embeddable":true,"href":"https:\/\/elinformanteperu.com\/index.php\/wp-json\/wp\/v2\/categories?post=128234"},{"taxonomy":"post_tag","embeddable":true,"href":"https:\/\/elinformanteperu.com\/index.php\/wp-json\/wp\/v2\/tags?post=128234"}],"curies":[{"name":"wp","href":"https:\/\/api.w.org\/{rel}","templated":true}]}}