{"id":128192,"date":"2024-11-16T20:15:37","date_gmt":"2024-11-17T01:15:37","guid":{"rendered":"https:\/\/elinformanteperu.com\/?p=128192"},"modified":"2024-11-16T20:15:37","modified_gmt":"2024-11-17T01:15:37","slug":"levanto-cabeza-la-recuperacion-de-la-celeste-en-eliminatorias-sudamericanas","status":"publish","type":"post","link":"https:\/\/elinformanteperu.com\/index.php\/2024\/11\/16\/levanto-cabeza-la-recuperacion-de-la-celeste-en-eliminatorias-sudamericanas\/","title":{"rendered":"\u00a1Levant\u00f3 cabeza! La recuperaci\u00f3n de la &#8216;Celeste&#8217; en eliminatorias sudamericanas"},"content":{"rendered":"<p><span style=\"color: #000000;\"><strong>Montevideo, 16 Noviembre 2024, (ANDINA).-<\/strong> Uruguay levant\u00f3 cabeza en las eliminatorias sudamericanas rumbo al Mundial de Norteam\u00e9rica-2026 y con un triunfo de jerarqu\u00eda regres\u00f3 al segundo lugar de la tabla de posiciones y se permite so\u00f1ar con el liderato.<\/span><\/p>\n<p><span style=\"color: #000000;\">El Estadio Centenario de Montevideo estall\u00f3 el viernes en euf\u00f3rico festejo cuando la selecci\u00f3n nacional venci\u00f3 a Colombia 3-2 tras un duelo que tuvo de todo: un tanto en contra a favor del local, un debut con gloria y un golazo en el \u00faltimo minuto.<\/span><\/p>\n<p><span style=\"color: #000000;\">Tras cuatro fechas sin victorias ni goles en el premundial regional, el dram\u00e1tico partido sirvi\u00f3 para que Uruguay recuperara su autoestima y para volver a creer en la escuadra dirigida por Marcelo Bielsa.<\/span><\/p>\n<p><span style=\"color: #000000;\">\u00abTriunfos como el de hoy son sanadores en el sentido de que acercan mucho a todas las partes que est\u00e1n alrededor de un sentimiento tan fuerte, como en Uruguay es la selecci\u00f3n\u00bb, dijo el DT en rueda de prensa.<\/span><\/p>\n<p><span style=\"color: #000000;\">Para el equipo era \u00abimprescindible volver a ganar. M\u00e1s all\u00e1 de la forma que se dio, que fue muy emocionante, era un triunfo necesario\u00bb, a\u00f1adi\u00f3.<\/span><\/p>\n<p><span style=\"color: #000000;\">A nadie pas\u00f3 desapercibido el festejo del &#8216;Loco&#8217; Bielsa, quien cuando el \u00e1rbitro pit\u00f3 el final del partido salt\u00f3 de alegr\u00eda de la heladerita port\u00e1til donde suele sentarse al lado del campo de juego.<\/span><\/p>\n<p><span style=\"color: #000000;\">Para el t\u00e9cnico argentino, que comanda a Uruguay desde mayo de 2023, el \u00e9xito del viernes es tambi\u00e9n una redenci\u00f3n personal.<\/span><\/p>\n<p><span style=\"color: #000000;\">El rosarino de 69 a\u00f1os ha estado en el ojo de la tormenta desde principios de octubre, cuando el goleador hist\u00f3rico de la Celeste Luis Su\u00e1rez, retirado en septiembre, lo acus\u00f3 de destrato hacia el plantel.<\/span><\/p>\n<p><span style=\"color: #000000;\">Bielsa reconoci\u00f3 el golpe a su autoridad. Ahora, el estratega puede vanagloriarse de dos aciertos: la flamante convocatoria de Rodrigo Aguirre al equipo y el ingreso de Manuel Ugarte en el segundo tiempo del partido.<\/span><\/p>\n<p><span style=\"color: #000000;\">Luego del tanto en contra del colombiano D\u00e1vinson S\u00e1nchez, en el minuto 57, el gol de Aguirre en el 60 le dio a la Celeste ventaja, y al jugador del Am\u00e9rica de M\u00e9xico, una noche de ensue\u00f1o.<\/span><\/p>\n<p><span style=\"color: #000000;\">\u00abEstoy muy feliz\u00bb, declar\u00f3 un exultante Aguirre. \u00abTodav\u00eda no me lo creo\u00bb.<\/span><\/p>\n<p><span style=\"color: #000000;\">Bielsa confes\u00f3 que desde \u00abhace bastante tiempo\u00bb sigue las actuaciones del delantero, que ten\u00eda trayectoria en las categor\u00edas Sub 17, Sub 20 y Sub 23 de Uruguay y hab\u00eda sido reservado antes para la mayor, pero nunca hab\u00eda sido citado.<\/span><\/p>\n<p><strong><span style=\"color: #000000;\">\u00abSali\u00f3 bien\u00bb<\/span><\/strong><\/p>\n<p><span style=\"color: #000000;\">Por otra parte, Bielsa sorprendi\u00f3 al dejar a Ugarte, uno de sus jugadores estrella, fuera del once inicial. Pero su ingreso en sustituci\u00f3n de Aguirre result\u00f3 determinante, cuando el centrocampista del Manchester United cerr\u00f3 en el 90+11 una jugada colectiva con un gol \u00e9pico.<\/span><\/p>\n<p><span style=\"color: #000000;\">Fue \u00abuna elecci\u00f3n de Marcelo que sali\u00f3 bien\u00bb, destac\u00f3 luego Ugarte.<\/span><\/p>\n<p><span style=\"color: #000000;\">El choque contra Colombia se vivi\u00f3 adem\u00e1s con sabor a revancha luego de que los cafeteros eliminaran a Uruguay 1-0 en semifinales de la Copa Am\u00e9rica de Estados Unidos en julio, en un encuentro que dej\u00f3 varias figuras celestes suspendidas por incidentes despu\u00e9s del partido entre fan\u00e1ticos colombianos y jugadores uruguayos.<\/span><\/p>\n<p><span style=\"color: #000000;\">\u00abM\u00e1s que revancha lo tomamos como una oportunidad de ponernos a tiro de vuelta\u00bb, dijo el viernes el capit\u00e1n Josema Gim\u00e9nez, defensa del Atl\u00e9tico de Madrid.<\/span><\/p>\n<p><span style=\"color: #000000;\">\u00abTanto trabajo, sacrificio, esfuerzo, insistencia dieron su fruto y hoy nos quedamos con una victoria que para nosotros era vital y que creo que nos merec\u00edamos\u00bb, afirm\u00f3.<\/span><\/p>\n<p><span style=\"color: #000000;\">Tras el infartante final, Uruguay alcanz\u00f3 19 puntos y qued\u00f3 nuevamente detr\u00e1s del l\u00edder Argentina (22) en el r\u00e1nking del clasificatorio. Colombia, tambi\u00e9n con 19 puntos pero peor diferencia de goles, fue desplazada al tercer puesto.<\/span><\/p>\n<p><span style=\"color: #000000;\">\u00abVamos en la direcci\u00f3n adecuada\u00bb, asegur\u00f3 Bielsa.<\/span><\/p>\n<p><span style=\"color: #000000;\">Uruguay se medir\u00e1 el martes 19 contra Brasil en Salvador de Bahia, en la \u00faltima fecha de las eliminatorias en 2024, que puede incluso cerrar con la Celeste a la cabeza.<\/span><\/p>\n<p><a href=\"https:\/\/elinformanteperu.com\/wp-content\/uploads\/2024\/07\/brasil-uruguay-1.jpg\"><img fetchpriority=\"high\" decoding=\"async\" class=\"size-large wp-image-122956 aligncenter\" src=\"https:\/\/elinformanteperu.com\/wp-content\/uploads\/2024\/07\/brasil-uruguay-1-1024x682.jpg\" alt=\"\" width=\"615\" height=\"410\" srcset=\"https:\/\/elinformanteperu.com\/wp-content\/uploads\/2024\/07\/brasil-uruguay-1-1024x682.jpg 1024w, https:\/\/elinformanteperu.com\/wp-content\/uploads\/2024\/07\/brasil-uruguay-1-300x200.jpg 300w, https:\/\/elinformanteperu.com\/wp-content\/uploads\/2024\/07\/brasil-uruguay-1-768x512.jpg 768w, https:\/\/elinformanteperu.com\/wp-content\/uploads\/2024\/07\/brasil-uruguay-1-1536x1023.jpg 1536w, https:\/\/elinformanteperu.com\/wp-content\/uploads\/2024\/07\/brasil-uruguay-1.jpg 1800w\" sizes=\"(max-width: 615px) 100vw, 615px\" \/><\/a><\/p>\n","protected":false},"excerpt":{"rendered":"<p>Montevideo, 16 Noviembre 2024, (ANDINA).- Uruguay levant\u00f3 cabeza en las eliminatorias sudamericanas rumbo al Mundial de Norteam\u00e9rica-2026 y con un triunfo de jerarqu\u00eda regres\u00f3 al segundo lugar de la tabla de posiciones y se permite so\u00f1ar con el liderato. El Estadio Centenario de Montevideo estall\u00f3 el viernes en euf\u00f3rico festejo cuando la selecci\u00f3n nacional venci\u00f3 [&hellip;]<\/p>\n","protected":false},"author":1,"featured_media":128193,"comment_status":"closed","ping_status":"closed","sticky":false,"template":"","format":"standard","meta":{"rop_custom_images_group":[],"rop_custom_messages_group":[],"rop_publish_now":"initial","rop_publish_now_accounts":[],"rop_publish_now_history":[],"rop_publish_now_status":"pending","footnotes":""},"categories":[8],"tags":[7282,174],"class_list":["post-128192","post","type-post","status-publish","format-standard","has-post-thumbnail","hentry","category-disciplinas-deportivas","tag-eliminatorias-2026","tag-uruguay"],"_links":{"self":[{"href":"https:\/\/elinformanteperu.com\/index.php\/wp-json\/wp\/v2\/posts\/128192","targetHints":{"allow":["GET"]}}],"collection":[{"href":"https:\/\/elinformanteperu.com\/index.php\/wp-json\/wp\/v2\/posts"}],"about":[{"href":"https:\/\/elinformanteperu.com\/index.php\/wp-json\/wp\/v2\/types\/post"}],"author":[{"embeddable":true,"href":"https:\/\/elinformanteperu.com\/index.php\/wp-json\/wp\/v2\/users\/1"}],"replies":[{"embeddable":true,"href":"https:\/\/elinformanteperu.com\/index.php\/wp-json\/wp\/v2\/comments?post=128192"}],"version-history":[{"count":1,"href":"https:\/\/elinformanteperu.com\/index.php\/wp-json\/wp\/v2\/posts\/128192\/revisions"}],"predecessor-version":[{"id":128194,"href":"https:\/\/elinformanteperu.com\/index.php\/wp-json\/wp\/v2\/posts\/128192\/revisions\/128194"}],"wp:featuredmedia":[{"embeddable":true,"href":"https:\/\/elinformanteperu.com\/index.php\/wp-json\/wp\/v2\/media\/128193"}],"wp:attachment":[{"href":"https:\/\/elinformanteperu.com\/index.php\/wp-json\/wp\/v2\/media?parent=128192"}],"wp:term":[{"taxonomy":"category","embeddable":true,"href":"https:\/\/elinformanteperu.com\/index.php\/wp-json\/wp\/v2\/categories?post=128192"},{"taxonomy":"post_tag","embeddable":true,"href":"https:\/\/elinformanteperu.com\/index.php\/wp-json\/wp\/v2\/tags?post=128192"}],"curies":[{"name":"wp","href":"https:\/\/api.w.org\/{rel}","templated":true}]}}