{"id":12812,"date":"2017-07-10T00:08:41","date_gmt":"2017-07-10T05:08:41","guid":{"rendered":"http:\/\/elinformanteperu.com\/?p=12812"},"modified":"2017-07-10T00:08:41","modified_gmt":"2017-07-10T05:08:41","slug":"junta-de-portavoces-del-congreso-sesionara-el-martes-11-de-julio","status":"publish","type":"post","link":"https:\/\/elinformanteperu.com\/index.php\/2017\/07\/10\/junta-de-portavoces-del-congreso-sesionara-el-martes-11-de-julio\/","title":{"rendered":"Junta de Portavoces del Congreso sesionar\u00e1 el martes 11 de julio"},"content":{"rendered":"<p><strong><span style=\"color: #000000;\">La Junta de Portavoces del Congreso de la Rep\u00fablica realizar\u00e1 este martes 11 de julio una nueva sesi\u00f3n convocada por la presidenta del Parlamento.<\/span><\/strong><\/p>\n<p><span style=\"color: #000000;\"><strong>Lima, 09 Julio 2017, (ANDINA).-<\/strong> La Junta de Portavoces del Congreso de la Rep\u00fablica realizar\u00e1 este martes 11 de julio una nueva sesi\u00f3n convocada por la presidenta del Parlamento, Luz Salgado Rubianes, seg\u00fan la citaci\u00f3n que fue cursada a los voceros de las distintas bancadas parlamentarias.<\/span><\/p>\n<p><span style=\"color: #000000;\">El documento, enviado por el oficial mayor del Congreso, Jos\u00e9 Cevasco, se\u00f1ala que la sesi\u00f3n est\u00e1 prevista para las 10:00 horas.<\/span><\/p>\n<p><span style=\"color: #000000;\">La citaci\u00f3n no precisa cu\u00e1l el tema de discusi\u00f3n en la reuni\u00f3n de la Junta de Portavoces, y se invoca a los congresistas voceros que no puedan acudir a la reuni\u00f3n a que lo comuniquen a sus respectivos suplentes.<\/span><\/p>\n","protected":false},"excerpt":{"rendered":"<p>La Junta de Portavoces del Congreso de la Rep\u00fablica realizar\u00e1 este martes 11 de julio una nueva sesi\u00f3n convocada por la presidenta del Parlamento. Lima, 09 Julio 2017, (ANDINA).- La Junta de Portavoces del Congreso de la Rep\u00fablica realizar\u00e1 este martes 11 de julio una nueva sesi\u00f3n convocada por la presidenta del Parlamento, Luz Salgado [&hellip;]<\/p>\n","protected":false},"author":1,"featured_media":12702,"comment_status":"open","ping_status":"open","sticky":false,"template":"","format":"standard","meta":{"rop_custom_images_group":[],"rop_custom_messages_group":[],"rop_publish_now":"initial","rop_publish_now_accounts":[],"rop_publish_now_history":[],"rop_publish_now_status":"pending","footnotes":""},"categories":[5],"tags":[192,296],"class_list":["post-12812","post","type-post","status-publish","format-standard","has-post-thumbnail","hentry","category-actualidad-informativa","tag-congreso","tag-luz-salgado"],"_links":{"self":[{"href":"https:\/\/elinformanteperu.com\/index.php\/wp-json\/wp\/v2\/posts\/12812","targetHints":{"allow":["GET"]}}],"collection":[{"href":"https:\/\/elinformanteperu.com\/index.php\/wp-json\/wp\/v2\/posts"}],"about":[{"href":"https:\/\/elinformanteperu.com\/index.php\/wp-json\/wp\/v2\/types\/post"}],"author":[{"embeddable":true,"href":"https:\/\/elinformanteperu.com\/index.php\/wp-json\/wp\/v2\/users\/1"}],"replies":[{"embeddable":true,"href":"https:\/\/elinformanteperu.com\/index.php\/wp-json\/wp\/v2\/comments?post=12812"}],"version-history":[{"count":1,"href":"https:\/\/elinformanteperu.com\/index.php\/wp-json\/wp\/v2\/posts\/12812\/revisions"}],"predecessor-version":[{"id":12813,"href":"https:\/\/elinformanteperu.com\/index.php\/wp-json\/wp\/v2\/posts\/12812\/revisions\/12813"}],"wp:featuredmedia":[{"embeddable":true,"href":"https:\/\/elinformanteperu.com\/index.php\/wp-json\/wp\/v2\/media\/12702"}],"wp:attachment":[{"href":"https:\/\/elinformanteperu.com\/index.php\/wp-json\/wp\/v2\/media?parent=12812"}],"wp:term":[{"taxonomy":"category","embeddable":true,"href":"https:\/\/elinformanteperu.com\/index.php\/wp-json\/wp\/v2\/categories?post=12812"},{"taxonomy":"post_tag","embeddable":true,"href":"https:\/\/elinformanteperu.com\/index.php\/wp-json\/wp\/v2\/tags?post=12812"}],"curies":[{"name":"wp","href":"https:\/\/api.w.org\/{rel}","templated":true}]}}