{"id":12809,"date":"2017-07-10T00:06:30","date_gmt":"2017-07-10T05:06:30","guid":{"rendered":"http:\/\/elinformanteperu.com\/?p=12809"},"modified":"2017-07-10T00:06:30","modified_gmt":"2017-07-10T05:06:30","slug":"pcm-designo-a-nuevos-presidentes-de-osiptel-y-osinergmin","status":"publish","type":"post","link":"https:\/\/elinformanteperu.com\/index.php\/2017\/07\/10\/pcm-designo-a-nuevos-presidentes-de-osiptel-y-osinergmin\/","title":{"rendered":"PCM design\u00f3 a nuevos presidentes de Osiptel y Osinergmin"},"content":{"rendered":"<p><strong><span style=\"color: #000000;\">La PCM design\u00f3 a los abogados Rafael Eduardo Muente Schwarz y Daniel Schmerler Vainstein como presidentes de los consejos directivos del Osiptel y del Osinergmin.<\/span><\/strong><\/p>\n<p><span style=\"color: #000000;\"><strong>Lima, 09 Julio 2017, (ANDINA).-<\/strong> La Presidencia del Consejo de Ministros (PCM) design\u00f3 a los abogados Rafael Eduardo Muente Schwarz y Daniel Schmerler Vainstein como presidentes de los consejos directivos del Organismo Supervisor de la Inversi\u00f3n Privada en Telecomunicaciones (Osiptel) y del Organismo Supervisor de la Inversi\u00f3n en Energ\u00eda y Miner\u00eda (Osinergmin), respectivamente, mediante resoluciones supremas publicadas hoy en el diario oficial El Peruano.<\/span><\/p>\n<p><span style=\"color: #000000;\">De este modo, la PCM culmin\u00f3 con las designaciones de los titulares de los consejos directivos de las entidades reguladoras adscritas a la instituci\u00f3n, ya que anteriormente hizo lo propio en el caso del Organismo Supervisor de la Inversi\u00f3n en Infraestructura de Transporte de Uso P\u00fablico (Ositr\u00e1n) y de la Superintendencia Nacional de Servicios de Saneamiento (Sunass). \u00a0\u00a0<\/span><\/p>\n<p><span style=\"color: #000000;\">Nacido en Lima y de 56 a\u00f1os de edad, Muente Schwa<\/span><span style=\"color: #000000;\">rz es licenciado en Derecho por la Pontificia Universidad Cat\u00f3lica del Per\u00fa y con estudios de Maestr\u00eda en Derecho en el Illinois Institute of Technology de los Estados Unidos.\u00a0<\/span><\/p>\n<p><span style=\"color: #000000;\">Con una experiencia laboral general de m\u00e1s 25 a\u00f1os, el nuevo titular del Osiptel ha realizado cursos de especializaci\u00f3n en el Programa de Alta Direcci\u00f3n (PAD) de la Universidad de Piura y en el Instituto Gerens. \u00a0<\/span><\/p>\n<p><span style=\"color: #000000;\">Entre otros cargos, ha sido gerente legal y vicepresidente de Asuntos Legales y Regulatorios de Tele 2000 S.A. \u2013 BellSouth Per\u00fa S.A. entre abril de 1993 y noviembre de 2002, as\u00ed como gerente de Asuntos Legales y Regulatorios de British American Tobacco del Per\u00fa SAC entre abril de 2006 y marzo de 2012, y de PECSA entre diciembre de 2012 y julio de 2013. \u00a0 <\/span><\/p>\n<p><span style=\"color: #000000;\">Tambi\u00e9n se ha desempe\u00f1ado como jefe de la Oficina de Asuntos Legales de ProInversi\u00f3n entre agosto y noviembre de 2012 y de la Oficina Nacional de Gobierno Electr\u00f3nico e Inform\u00e1tica (ONGEI) \u00a0de la PCM, entre setiembre de 2005 y abril de 2006; asesor legal adjunto de Deterper\u00fa S.A. (P&amp;G Per\u00fa) entre febrero de 1989 y abril de 1993, y asistente legal de Naviera Humboldt S.A., \u00a0entre setiembre de 1984 y febrero de 1989.<\/span><\/p>\n<p><strong><span style=\"color: #000000;\">Osinergmin<\/span><\/strong><\/p>\n<p><span style=\"color: #000000;\">Por su parte, el nuevo titular del Consejo Directivo del Osinergmin tiene 44 a\u00f1os de edad y tambi\u00e9n es lime\u00f1o de nacimiento y licenciado en Derecho por la Pontificia Universidad Cat\u00f3lica del Per\u00fa.\u00a0<\/span><\/p>\n<p><span style=\"color: #000000;\">Adem\u00e1s, es egresado de Maestr\u00eda en Derecho de esta casa de estudios superiores y ha realizado cursos de especializaci\u00f3n en Derecho de la Miner\u00eda y Medio Ambiente y en Derecho de las concesiones en la Universidad Peruana de Ciencias Aplicadas (UPC).<\/span><\/p>\n<p><span style=\"color: #000000;\">Schmerler Vainstein cuenta con una experiencia laboral general \u00a0de m\u00e1s de \u00a018 a\u00f1os. Entre otros cargos, se ha desempe\u00f1ado como secretario t\u00e9cnico de \u00d3rganos Resolutivos del Osinergmin y como vocal \u00a0del Tribunal (Sala Especializada en Procedimientos Concursales) del \u00a0Instituto Nacional de Defensa de la Competencia y de la Protecci\u00f3n de la Propiedad Intelectual (Indecopi).\u00a0<\/span><\/p>\n<p><span style=\"color: #000000;\">En el Indecopi tambi\u00e9n ha sido miembro de la Comisi\u00f3n Concursal en Lima Norte y secretario t\u00e9cnico de la Comisi\u00f3n de Procedimientos Concursales, entre otros puestos.<\/span><\/p>\n<p><span style=\"color: #000000;\">Asimismo, ha trabajado como profesor a tiempo parcial en la Universidad del Pac\u00edfico y ha sido miembro \u00a0de Cuerpos Colegiados Ad Hoc de Soluci\u00f3n de Controversias del Osiptel.<\/span><\/p>\n","protected":false},"excerpt":{"rendered":"<p>La PCM design\u00f3 a los abogados Rafael Eduardo Muente Schwarz y Daniel Schmerler Vainstein como presidentes de los consejos directivos del Osiptel y del Osinergmin. Lima, 09 Julio 2017, (ANDINA).- La Presidencia del Consejo de Ministros (PCM) design\u00f3 a los abogados Rafael Eduardo Muente Schwarz y Daniel Schmerler Vainstein como presidentes de los consejos directivos [&hellip;]<\/p>\n","protected":false},"author":1,"featured_media":12810,"comment_status":"open","ping_status":"open","sticky":false,"template":"","format":"standard","meta":{"rop_custom_images_group":[],"rop_custom_messages_group":[],"rop_publish_now":"initial","rop_publish_now_accounts":[],"rop_publish_now_history":[],"rop_publish_now_status":"pending","footnotes":""},"categories":[5],"tags":[434,1008,189],"class_list":["post-12809","post","type-post","status-publish","format-standard","has-post-thumbnail","hentry","category-actualidad-informativa","tag-osinergmin","tag-osiptel","tag-pcm"],"_links":{"self":[{"href":"https:\/\/elinformanteperu.com\/index.php\/wp-json\/wp\/v2\/posts\/12809","targetHints":{"allow":["GET"]}}],"collection":[{"href":"https:\/\/elinformanteperu.com\/index.php\/wp-json\/wp\/v2\/posts"}],"about":[{"href":"https:\/\/elinformanteperu.com\/index.php\/wp-json\/wp\/v2\/types\/post"}],"author":[{"embeddable":true,"href":"https:\/\/elinformanteperu.com\/index.php\/wp-json\/wp\/v2\/users\/1"}],"replies":[{"embeddable":true,"href":"https:\/\/elinformanteperu.com\/index.php\/wp-json\/wp\/v2\/comments?post=12809"}],"version-history":[{"count":1,"href":"https:\/\/elinformanteperu.com\/index.php\/wp-json\/wp\/v2\/posts\/12809\/revisions"}],"predecessor-version":[{"id":12811,"href":"https:\/\/elinformanteperu.com\/index.php\/wp-json\/wp\/v2\/posts\/12809\/revisions\/12811"}],"wp:featuredmedia":[{"embeddable":true,"href":"https:\/\/elinformanteperu.com\/index.php\/wp-json\/wp\/v2\/media\/12810"}],"wp:attachment":[{"href":"https:\/\/elinformanteperu.com\/index.php\/wp-json\/wp\/v2\/media?parent=12809"}],"wp:term":[{"taxonomy":"category","embeddable":true,"href":"https:\/\/elinformanteperu.com\/index.php\/wp-json\/wp\/v2\/categories?post=12809"},{"taxonomy":"post_tag","embeddable":true,"href":"https:\/\/elinformanteperu.com\/index.php\/wp-json\/wp\/v2\/tags?post=12809"}],"curies":[{"name":"wp","href":"https:\/\/api.w.org\/{rel}","templated":true}]}}