{"id":12806,"date":"2017-07-10T00:00:41","date_gmt":"2017-07-10T05:00:41","guid":{"rendered":"http:\/\/elinformanteperu.com\/?p=12806"},"modified":"2017-07-10T00:01:16","modified_gmt":"2017-07-10T05:01:16","slug":"proyectan-ventas-por-s-60-millones-en-ciber-days-edicion-fiestas-patrias","status":"publish","type":"post","link":"https:\/\/elinformanteperu.com\/index.php\/2017\/07\/10\/proyectan-ventas-por-s-60-millones-en-ciber-days-edicion-fiestas-patrias\/","title":{"rendered":"Proyectan ventas por S\/ 60 millones en Ciber days edici\u00f3n Fiestas Patrias"},"content":{"rendered":"<p><strong><span style=\"color: #000000;\">El gerente de comercio electr\u00f3nico de la C\u00e1mara de Comercio de Lima, estim\u00f3 que la campa\u00f1a de venta por Internet \u201cCiber days\u201d por Fiestas Patrias, generar\u00e1 ventas por 60 millones de soles.<\/span><\/strong><\/p>\n<p><span style=\"color: #000000;\"><strong>Lima, 09 Julio 2017, (ANDINA).-<\/strong> El gerente de comercio electr\u00f3nico de la C\u00e1mara de Comercio de Lima (CCL) Jaime Montenegro estim\u00f3 que la campa\u00f1a de venta por Internet \u201cCiber days\u201d por Fiestas Patrias, generar\u00e1 ventas por 60 millones de soles.<\/span><\/p>\n<p><span style=\"color: #000000;\">En la campa\u00f1a organizada por la CCL que se inicia a las 00:00 horas del 10 de julio hasta las 24:00 horas del 12 de julio, participan 44 marcas exclusivas que brindar\u00e1n descuentos y promociones en esta campa\u00f1a.<\/span><\/p>\n<p><span style=\"color: #000000;\">\u201cSe espera que se recaude entre todos los comercios participantes 60 millones de soles, debido a los descuentos que llegar\u00edan hasta el 80%\u201d, se\u00f1al\u00f3.<\/span><\/p>\n<p><span style=\"color: #000000;\">Las marcas participantes en el Cyber Days podr\u00e1n ser reconocidas por los usuarios por mostrar siempre en sus portales oficiales el sello de comercio autorizado que les otorga C\u00e1mara de Comercio de Lima (CCL).<\/span><\/p>\n<p><span style=\"color: #000000;\">\u201cEste es el quinto a\u00f1o de implementaci\u00f3n del Cyber Days edici\u00f3n de Fiestas Patrias, organizado por la CCL, entre sus logros se destaca el incremento de 266% en los comercios participantes, en la primera edici\u00f3n del 2013 s\u00f3lo cont\u00f3 con 12 y en 2016 sumaron 40\u201d, dijo.<\/span><\/p>\n<p><span style=\"color: #000000;\">Montenegro refiri\u00f3 que el comercio electr\u00f3nico \u201cahora es un m\u00e9todo de venta tan importante como la atenci\u00f3n en tienda\u201d.<\/span><\/p>\n","protected":false},"excerpt":{"rendered":"<p>El gerente de comercio electr\u00f3nico de la C\u00e1mara de Comercio de Lima, estim\u00f3 que la campa\u00f1a de venta por Internet \u201cCiber days\u201d por Fiestas Patrias, generar\u00e1 ventas por 60 millones de soles. Lima, 09 Julio 2017, (ANDINA).- El gerente de comercio electr\u00f3nico de la C\u00e1mara de Comercio de Lima (CCL) Jaime Montenegro estim\u00f3 que la [&hellip;]<\/p>\n","protected":false},"author":1,"featured_media":12807,"comment_status":"open","ping_status":"open","sticky":false,"template":"","format":"standard","meta":{"rop_custom_images_group":[],"rop_custom_messages_group":[],"rop_publish_now":"initial","rop_publish_now_accounts":[],"rop_publish_now_history":[],"rop_publish_now_status":"pending","footnotes":""},"categories":[5],"tags":[1381,1283,1866],"class_list":["post-12806","post","type-post","status-publish","format-standard","has-post-thumbnail","hentry","category-actualidad-informativa","tag-camara-de-comercio-de-lima","tag-comercio-electronico","tag-comercio-por-internet"],"_links":{"self":[{"href":"https:\/\/elinformanteperu.com\/index.php\/wp-json\/wp\/v2\/posts\/12806","targetHints":{"allow":["GET"]}}],"collection":[{"href":"https:\/\/elinformanteperu.com\/index.php\/wp-json\/wp\/v2\/posts"}],"about":[{"href":"https:\/\/elinformanteperu.com\/index.php\/wp-json\/wp\/v2\/types\/post"}],"author":[{"embeddable":true,"href":"https:\/\/elinformanteperu.com\/index.php\/wp-json\/wp\/v2\/users\/1"}],"replies":[{"embeddable":true,"href":"https:\/\/elinformanteperu.com\/index.php\/wp-json\/wp\/v2\/comments?post=12806"}],"version-history":[{"count":1,"href":"https:\/\/elinformanteperu.com\/index.php\/wp-json\/wp\/v2\/posts\/12806\/revisions"}],"predecessor-version":[{"id":12808,"href":"https:\/\/elinformanteperu.com\/index.php\/wp-json\/wp\/v2\/posts\/12806\/revisions\/12808"}],"wp:featuredmedia":[{"embeddable":true,"href":"https:\/\/elinformanteperu.com\/index.php\/wp-json\/wp\/v2\/media\/12807"}],"wp:attachment":[{"href":"https:\/\/elinformanteperu.com\/index.php\/wp-json\/wp\/v2\/media?parent=12806"}],"wp:term":[{"taxonomy":"category","embeddable":true,"href":"https:\/\/elinformanteperu.com\/index.php\/wp-json\/wp\/v2\/categories?post=12806"},{"taxonomy":"post_tag","embeddable":true,"href":"https:\/\/elinformanteperu.com\/index.php\/wp-json\/wp\/v2\/tags?post=12806"}],"curies":[{"name":"wp","href":"https:\/\/api.w.org\/{rel}","templated":true}]}}