{"id":127852,"date":"2024-11-13T21:54:59","date_gmt":"2024-11-14T02:54:59","guid":{"rendered":"https:\/\/elinformanteperu.com\/?p=127852"},"modified":"2024-11-13T21:54:59","modified_gmt":"2024-11-14T02:54:59","slug":"apec-peru-2024-primer-ministro-de-australia-llega-al-peru","status":"publish","type":"post","link":"https:\/\/elinformanteperu.com\/index.php\/2024\/11\/13\/apec-peru-2024-primer-ministro-de-australia-llega-al-peru\/","title":{"rendered":"APEC Per\u00fa 2024: primer ministro de Australia llega al Per\u00fa"},"content":{"rendered":"<p><span style=\"color: #000000;\"><strong>Lima, 13 Noviembre 2024, (ANDINA).-<\/strong> El primer ministro de Australia, Anthony Albanese, arrib\u00f3 esta tarde al Per\u00fa, con la finalidad de participar en la Semana de L\u00edderes del Foro de Cooperaci\u00f3n Econ\u00f3mica Asia Pac\u00edfico (APEC).<\/span><\/p>\n<p><span style=\"color: #000000;\">El ministro de Desarrollo e Inclusi\u00f3n Social, Julio Demartini, recibi\u00f3 a la autoridad en representaci\u00f3n de la presidenta de la rep\u00fablica, Dina Boluarte.<\/span><\/p>\n<p><span style=\"color: #000000;\">La autoridad australiana a su arribo al Grupo A\u00e9reo N\u00famero 8 recibi\u00f3 los honores correspondientes a su alto cargo.<\/span><\/p>\n<p><span style=\"color: #000000;\">Anthony Albanese lleg\u00f3 acompa\u00f1ado varias autoridades de dicho pa\u00eds, que integran una comitiva oficial.<\/span><\/p>\n<p><span style=\"color: #000000;\">Seg\u00fan se inform\u00f3, el primer ministro de Australia tiene previsto realizar una reuni\u00f3n bilateral con la presidenta de la rep\u00fablica, Dina Boluarte.<\/span><\/p>\n<p><span style=\"color: #000000;\">Se trata de la tercera autoridad que lleg\u00f3 a nuestro pa\u00eds este mi\u00e9rcoles, teniendo en cuenta la llegada de la primera ministra de Tailandia, Paetongtarn Shinawatra. Asimismo, el alto representante del l\u00edder de Chinese Taipei, Lin Hsin-i.<\/span><\/p>\n<p><a href=\"https:\/\/elinformanteperu.com\/wp-content\/uploads\/2024\/11\/apec-2024-5.jpg\"><img fetchpriority=\"high\" decoding=\"async\" class=\"size-large wp-image-127186 aligncenter\" src=\"https:\/\/elinformanteperu.com\/wp-content\/uploads\/2024\/11\/apec-2024-5-1024x683.jpg\" alt=\"\" width=\"615\" height=\"410\" srcset=\"https:\/\/elinformanteperu.com\/wp-content\/uploads\/2024\/11\/apec-2024-5-1024x683.jpg 1024w, https:\/\/elinformanteperu.com\/wp-content\/uploads\/2024\/11\/apec-2024-5-300x200.jpg 300w, https:\/\/elinformanteperu.com\/wp-content\/uploads\/2024\/11\/apec-2024-5-768x512.jpg 768w, https:\/\/elinformanteperu.com\/wp-content\/uploads\/2024\/11\/apec-2024-5-1536x1024.jpg 1536w, https:\/\/elinformanteperu.com\/wp-content\/uploads\/2024\/11\/apec-2024-5.jpg 1800w\" sizes=\"(max-width: 615px) 100vw, 615px\" \/><\/a><\/p>\n","protected":false},"excerpt":{"rendered":"<p>Lima, 13 Noviembre 2024, (ANDINA).- El primer ministro de Australia, Anthony Albanese, arrib\u00f3 esta tarde al Per\u00fa, con la finalidad de participar en la Semana de L\u00edderes del Foro de Cooperaci\u00f3n Econ\u00f3mica Asia Pac\u00edfico (APEC). El ministro de Desarrollo e Inclusi\u00f3n Social, Julio Demartini, recibi\u00f3 a la autoridad en representaci\u00f3n de la presidenta de la [&hellip;]<\/p>\n","protected":false},"author":1,"featured_media":127853,"comment_status":"closed","ping_status":"closed","sticky":false,"template":"","format":"standard","meta":{"rop_custom_images_group":[],"rop_custom_messages_group":[],"rop_publish_now":"initial","rop_publish_now_accounts":[],"rop_publish_now_history":[],"rop_publish_now_status":"pending","footnotes":""},"categories":[5],"tags":[7285,1771],"class_list":["post-127852","post","type-post","status-publish","format-standard","has-post-thumbnail","hentry","category-actualidad-informativa","tag-apec-2024","tag-australia"],"_links":{"self":[{"href":"https:\/\/elinformanteperu.com\/index.php\/wp-json\/wp\/v2\/posts\/127852","targetHints":{"allow":["GET"]}}],"collection":[{"href":"https:\/\/elinformanteperu.com\/index.php\/wp-json\/wp\/v2\/posts"}],"about":[{"href":"https:\/\/elinformanteperu.com\/index.php\/wp-json\/wp\/v2\/types\/post"}],"author":[{"embeddable":true,"href":"https:\/\/elinformanteperu.com\/index.php\/wp-json\/wp\/v2\/users\/1"}],"replies":[{"embeddable":true,"href":"https:\/\/elinformanteperu.com\/index.php\/wp-json\/wp\/v2\/comments?post=127852"}],"version-history":[{"count":1,"href":"https:\/\/elinformanteperu.com\/index.php\/wp-json\/wp\/v2\/posts\/127852\/revisions"}],"predecessor-version":[{"id":127854,"href":"https:\/\/elinformanteperu.com\/index.php\/wp-json\/wp\/v2\/posts\/127852\/revisions\/127854"}],"wp:featuredmedia":[{"embeddable":true,"href":"https:\/\/elinformanteperu.com\/index.php\/wp-json\/wp\/v2\/media\/127853"}],"wp:attachment":[{"href":"https:\/\/elinformanteperu.com\/index.php\/wp-json\/wp\/v2\/media?parent=127852"}],"wp:term":[{"taxonomy":"category","embeddable":true,"href":"https:\/\/elinformanteperu.com\/index.php\/wp-json\/wp\/v2\/categories?post=127852"},{"taxonomy":"post_tag","embeddable":true,"href":"https:\/\/elinformanteperu.com\/index.php\/wp-json\/wp\/v2\/tags?post=127852"}],"curies":[{"name":"wp","href":"https:\/\/api.w.org\/{rel}","templated":true}]}}