{"id":127841,"date":"2024-11-13T21:41:47","date_gmt":"2024-11-14T02:41:47","guid":{"rendered":"https:\/\/elinformanteperu.com\/?p=127841"},"modified":"2024-11-13T21:41:47","modified_gmt":"2024-11-14T02:41:47","slug":"fiscalia-pide-8-anos-de-prision-para-expresidente-del-congreso-daniel-salaverry","status":"publish","type":"post","link":"https:\/\/elinformanteperu.com\/index.php\/2024\/11\/13\/fiscalia-pide-8-anos-de-prision-para-expresidente-del-congreso-daniel-salaverry\/","title":{"rendered":"Fiscal\u00eda pide 8 a\u00f1os de prisi\u00f3n para expresidente del Congreso, Daniel Salaverry"},"content":{"rendered":"<p><strong><span style=\"color: #000000;\">Por caso que implic\u00f3 apoderarse de dinero para Semana de Representaci\u00f3n<\/span><\/strong><\/p>\n<p><span style=\"color: #000000;\"><strong>Lima, 13 Noviembre 2024, (ANDINA).-<\/strong> El Ministerio P\u00fablico pidi\u00f3 ocho a\u00f1os de pena privativa de la libertad contra el exparlamentario y expresidente del Congreso, Daniel Salaverry, por supuestamente haberse apoderado de recursos del Poder Legislativo.<\/span><\/p>\n<p><span style=\"color: #000000;\">En el marco de la audiencia de instalaci\u00f3n del juicio oral en contra del referido exparlamentario, el fiscal Luis Felipe Zapata tambi\u00e9n requiri\u00f3 que a Daniel Salaverry se le imponga el pago de 360 d\u00edas multa, equivalentes a 71 mil 699 soles.<\/span><\/p>\n<p><span style=\"color: #000000;\">De igual forma, el representante del Ministerio P\u00fablico pidi\u00f3 que Daniel Salaverry sea inhabilitado por cinco a\u00f1os en el ejercicio de la funci\u00f3n p\u00fablica.<\/span><\/p>\n<p><span style=\"color: #000000;\">Hoy se efectu\u00f3 en la Sala Penal Especial de la Corte Suprema de Justicia la audiencia de instalaci\u00f3n del juicio oral contra Daniel Salaverry, por presunto delito de peculado doloso, por apropiaci\u00f3n en agravio del Estado.<\/span><\/p>\n<p><strong><span style=\"color: #000000;\">Antecedentes<\/span><\/strong><\/p>\n<p><span style=\"color: #000000;\">Se considera que incurri\u00f3 en dicho presunto acto il\u00edcito al apropiarse, supuestamente, de manera irregular de dinero que se le asign\u00f3 para gastos de la Semana de Representaci\u00f3n Parlamentaria entre noviembre de 2017 y marzo del 2018.<\/span><\/p>\n<p><span style=\"color: #000000;\">Se indica que Daniel Salaverry present\u00f3 -para sustentar dichos desembolsos recibidos- informes referidos a actividades que nunca realiz\u00f3.<\/span><\/p>\n<p><span style=\"color: #000000;\">Estas acciones, difundidas inicialmente en reportajes period\u00edsticos, fueron materia de denuncias constitucionales que derivaron en la acci\u00f3n penal emprendida desde el Ministerio P\u00fablico en contra del extitular del Parlamento.<\/span><\/p>\n<p><span style=\"color: #000000;\">Daniel Salaverry fue electo congresista en 2016 integrando las filas de Fuerza Popular, siendo elegido titular del Congreso en julio de 2018.<\/span><\/p>\n<p><a href=\"https:\/\/elinformanteperu.com\/wp-content\/uploads\/2021\/01\/daniel-salaverry.jpg\"><img fetchpriority=\"high\" decoding=\"async\" class=\"size-large wp-image-89835 aligncenter\" src=\"https:\/\/elinformanteperu.com\/wp-content\/uploads\/2021\/01\/daniel-salaverry-1024x683.jpg\" alt=\"\" width=\"615\" height=\"410\" srcset=\"https:\/\/elinformanteperu.com\/wp-content\/uploads\/2021\/01\/daniel-salaverry-1024x683.jpg 1024w, https:\/\/elinformanteperu.com\/wp-content\/uploads\/2021\/01\/daniel-salaverry-300x200.jpg 300w, https:\/\/elinformanteperu.com\/wp-content\/uploads\/2021\/01\/daniel-salaverry-768x512.jpg 768w, https:\/\/elinformanteperu.com\/wp-content\/uploads\/2021\/01\/daniel-salaverry-1536x1024.jpg 1536w, https:\/\/elinformanteperu.com\/wp-content\/uploads\/2021\/01\/daniel-salaverry.jpg 1800w\" sizes=\"(max-width: 615px) 100vw, 615px\" \/><\/a><\/p>\n","protected":false},"excerpt":{"rendered":"<p>Por caso que implic\u00f3 apoderarse de dinero para Semana de Representaci\u00f3n Lima, 13 Noviembre 2024, (ANDINA).- El Ministerio P\u00fablico pidi\u00f3 ocho a\u00f1os de pena privativa de la libertad contra el exparlamentario y expresidente del Congreso, Daniel Salaverry, por supuestamente haberse apoderado de recursos del Poder Legislativo. En el marco de la audiencia de instalaci\u00f3n del [&hellip;]<\/p>\n","protected":false},"author":1,"featured_media":127842,"comment_status":"closed","ping_status":"closed","sticky":false,"template":"","format":"standard","meta":{"rop_custom_images_group":[],"rop_custom_messages_group":[],"rop_publish_now":"initial","rop_publish_now_accounts":[],"rop_publish_now_history":[],"rop_publish_now_status":"pending","footnotes":""},"categories":[5],"tags":[858,430,370],"class_list":["post-127841","post","type-post","status-publish","format-standard","has-post-thumbnail","hentry","category-actualidad-informativa","tag-daniel-salaverry","tag-fiscalia","tag-ministerio-publico"],"_links":{"self":[{"href":"https:\/\/elinformanteperu.com\/index.php\/wp-json\/wp\/v2\/posts\/127841","targetHints":{"allow":["GET"]}}],"collection":[{"href":"https:\/\/elinformanteperu.com\/index.php\/wp-json\/wp\/v2\/posts"}],"about":[{"href":"https:\/\/elinformanteperu.com\/index.php\/wp-json\/wp\/v2\/types\/post"}],"author":[{"embeddable":true,"href":"https:\/\/elinformanteperu.com\/index.php\/wp-json\/wp\/v2\/users\/1"}],"replies":[{"embeddable":true,"href":"https:\/\/elinformanteperu.com\/index.php\/wp-json\/wp\/v2\/comments?post=127841"}],"version-history":[{"count":1,"href":"https:\/\/elinformanteperu.com\/index.php\/wp-json\/wp\/v2\/posts\/127841\/revisions"}],"predecessor-version":[{"id":127843,"href":"https:\/\/elinformanteperu.com\/index.php\/wp-json\/wp\/v2\/posts\/127841\/revisions\/127843"}],"wp:featuredmedia":[{"embeddable":true,"href":"https:\/\/elinformanteperu.com\/index.php\/wp-json\/wp\/v2\/media\/127842"}],"wp:attachment":[{"href":"https:\/\/elinformanteperu.com\/index.php\/wp-json\/wp\/v2\/media?parent=127841"}],"wp:term":[{"taxonomy":"category","embeddable":true,"href":"https:\/\/elinformanteperu.com\/index.php\/wp-json\/wp\/v2\/categories?post=127841"},{"taxonomy":"post_tag","embeddable":true,"href":"https:\/\/elinformanteperu.com\/index.php\/wp-json\/wp\/v2\/tags?post=127841"}],"curies":[{"name":"wp","href":"https:\/\/api.w.org\/{rel}","templated":true}]}}