{"id":12778,"date":"2017-07-09T22:23:28","date_gmt":"2017-07-10T03:23:28","guid":{"rendered":"http:\/\/elinformanteperu.com\/?p=12778"},"modified":"2017-07-09T22:23:28","modified_gmt":"2017-07-10T03:23:28","slug":"las-malvinas-autoridades-aun-no-ingresan-a-algunas-estructuras-metalicas-de-galeria","status":"publish","type":"post","link":"https:\/\/elinformanteperu.com\/index.php\/2017\/07\/09\/las-malvinas-autoridades-aun-no-ingresan-a-algunas-estructuras-metalicas-de-galeria\/","title":{"rendered":"Las Malvinas: autoridades a\u00fan no ingresan a algunas estructuras met\u00e1licas de galer\u00eda"},"content":{"rendered":"<p><span style=\"color: #000000;\"><strong>A 17 d\u00edas de ocurrido el incendio en la galer\u00eda Nicolini en la zona de Las Malvinas, las autoridades a\u00fan no han logrado inspeccionar todas estructuras met\u00e1licas ubicadas en el \u00faltimo piso del inmueble.<\/strong><\/span><\/p>\n<p><span style=\"color: #000000;\"><strong>Lima, 09 Julio 2017, (ANDINA).-<\/strong> A 17 d\u00edas de ocurrido el incendio en la galer\u00eda Nicolini en la zona de Las Malvinas, las autoridades a\u00fan no han logrado inspeccionar todas estructuras met\u00e1licas ubicadas en el \u00faltimo piso del inmueble.<\/span><\/p>\n<p><span style=\"color: #000000;\">Al respecto, la fiscal Mar\u00eda Hinostroza inform\u00f3 a los medios de comunicaci\u00f3n que no ha sido posible ingresar todav\u00eda porque es muy dif\u00edcil abrir los candados ya que el fuego ha modificado las estructuras.<\/span><\/p>\n<p><span style=\"color: #000000;\">\u00abPero adem\u00e1s, en el lugar no hay ox\u00edgeno y hay mucho humo t\u00f3xico, lo que es riesgoso para los bomberos\u00bb, se\u00f1al\u00f3 la fiscal.<\/span><\/p>\n<p><span style=\"color: #000000;\">Hoy en el lugar estuvo personal del Ministerio Publico, de la Dirincri y de Seguridad del Estado. realizando algunas diligencias pero fue imposible ingresar a alguna estucturas met\u00e1licas.<\/span><\/p>\n<p><span style=\"color: #000000;\">Hinostroza agreg\u00f3 que en las \u00faltima horas llegaron al lugar los bomberos con un equipo de ingenieros a inspeccionar el inmueble tras el sismo registrado anoche, que podr\u00eda haber da\u00f1ado m\u00e1s la incendiada estructura.<\/span><\/p>\n<p>&nbsp;<\/p>\n","protected":false},"excerpt":{"rendered":"<p>A 17 d\u00edas de ocurrido el incendio en la galer\u00eda Nicolini en la zona de Las Malvinas, las autoridades a\u00fan no han logrado inspeccionar todas estructuras met\u00e1licas ubicadas en el \u00faltimo piso del inmueble. Lima, 09 Julio 2017, (ANDINA).- A 17 d\u00edas de ocurrido el incendio en la galer\u00eda Nicolini en la zona de Las [&hellip;]<\/p>\n","protected":false},"author":1,"featured_media":12377,"comment_status":"open","ping_status":"open","sticky":false,"template":"","format":"standard","meta":{"rop_custom_images_group":[],"rop_custom_messages_group":[],"rop_publish_now":"initial","rop_publish_now_accounts":[],"rop_publish_now_history":[],"rop_publish_now_status":"pending","footnotes":""},"categories":[10],"tags":[1785,1540],"class_list":["post-12778","post","type-post","status-publish","format-standard","has-post-thumbnail","hentry","category-actualidad-municipal","tag-incendios","tag-las-malvinas"],"_links":{"self":[{"href":"https:\/\/elinformanteperu.com\/index.php\/wp-json\/wp\/v2\/posts\/12778","targetHints":{"allow":["GET"]}}],"collection":[{"href":"https:\/\/elinformanteperu.com\/index.php\/wp-json\/wp\/v2\/posts"}],"about":[{"href":"https:\/\/elinformanteperu.com\/index.php\/wp-json\/wp\/v2\/types\/post"}],"author":[{"embeddable":true,"href":"https:\/\/elinformanteperu.com\/index.php\/wp-json\/wp\/v2\/users\/1"}],"replies":[{"embeddable":true,"href":"https:\/\/elinformanteperu.com\/index.php\/wp-json\/wp\/v2\/comments?post=12778"}],"version-history":[{"count":1,"href":"https:\/\/elinformanteperu.com\/index.php\/wp-json\/wp\/v2\/posts\/12778\/revisions"}],"predecessor-version":[{"id":12779,"href":"https:\/\/elinformanteperu.com\/index.php\/wp-json\/wp\/v2\/posts\/12778\/revisions\/12779"}],"wp:featuredmedia":[{"embeddable":true,"href":"https:\/\/elinformanteperu.com\/index.php\/wp-json\/wp\/v2\/media\/12377"}],"wp:attachment":[{"href":"https:\/\/elinformanteperu.com\/index.php\/wp-json\/wp\/v2\/media?parent=12778"}],"wp:term":[{"taxonomy":"category","embeddable":true,"href":"https:\/\/elinformanteperu.com\/index.php\/wp-json\/wp\/v2\/categories?post=12778"},{"taxonomy":"post_tag","embeddable":true,"href":"https:\/\/elinformanteperu.com\/index.php\/wp-json\/wp\/v2\/tags?post=12778"}],"curies":[{"name":"wp","href":"https:\/\/api.w.org\/{rel}","templated":true}]}}