{"id":127778,"date":"2024-11-13T20:16:01","date_gmt":"2024-11-14T01:16:01","guid":{"rendered":"https:\/\/elinformanteperu.com\/?p=127778"},"modified":"2024-11-13T20:16:01","modified_gmt":"2024-11-14T01:16:01","slug":"apec-2024-peru-luce-su-riqueza-cultural-con-realidad-aumentada-y-hologramas","status":"publish","type":"post","link":"https:\/\/elinformanteperu.com\/index.php\/2024\/11\/13\/apec-2024-peru-luce-su-riqueza-cultural-con-realidad-aumentada-y-hologramas\/","title":{"rendered":"APEC 2024: Per\u00fa luce su riqueza cultural con realidad aumentada y hologramas"},"content":{"rendered":"<p><strong><span style=\"color: #000000;\">Recursos tecnol\u00f3gicos de \u00faltima generaci\u00f3n permiten a l\u00edderes de APEC apreciar el patrimonio de nuestro pa\u00eds<\/span><\/strong><\/p>\n<p><span style=\"color: #000000;\"><strong>Lima, 13 Noviembre 2024, (ANDINA).-<\/strong> Con el uso de visores de realidad aumentada, una pir\u00e1mide hologr\u00e1fica, sistemas de sonido envolvente y proyectores de alta gama, los l\u00edderes y representantes que asisten al Foro de Cooperaci\u00f3n Econ\u00f3mica Asia-Pac\u00edfico APEC 2024 conocen la riqueza cultural del Per\u00fa.<\/span><\/p>\n<p><span style=\"color: #000000;\">\u201cLa tecnolog\u00eda al servicio de la cultura tambi\u00e9n est\u00e1 presente en APEC\u201d, resalt\u00f3 el Ministerio de Cultura (Mincul), al detallar que estos recursos est\u00e1n a disposici\u00f3n del p\u00fablico en dos salas: en su sede central y en el Centro de Convenciones de Lima (LCC), en San Borja.<\/span><\/p>\n<p><span style=\"color: #000000;\">La sala inmersiva \u2018Innovaci\u00f3n Tecnol\u00f3gica al Servicio de la Cultura\u2019 en el LCC y la Sala de Innovaci\u00f3n Tecnol\u00f3gica, en el foyer de la sala Los Incas de la sede central del Mincul, fueron dise\u00f1adas \u201cpara ofrecer una experiencia \u00fanica a los visitantes de APEC\u201d.<\/span><\/p>\n<p><strong><span style=\"color: #000000;\">Experiencia multisensorial<\/span><\/strong><\/p>\n<p><span style=\"color: #000000;\">La sala \u2018Innovaci\u00f3n Tecnol\u00f3gica al Servicio de la Cultura\u2019 proporciona una experiencia multisensorial de alto impacto con el uso de tecnolog\u00edas de \u00faltima generaci\u00f3n que redefinen la interacci\u00f3n con el contenido cultural, explic\u00f3 el Mincul en una nota de prensa.<\/span><\/p>\n<p><span style=\"color: #000000;\">Este ambiente est\u00e1 equipado con parlantes de alta definici\u00f3n que proporcionan un sonido envolvente y multidireccional que sit\u00faa al espectador en el centro de la acci\u00f3n. Cuenta con proyectores de alta gama que aseguran una visualizaci\u00f3n en 360\u00b0 n\u00edtida y envolvente \u201ccon una calidad de imagen de alta definici\u00f3n\u201d.<\/span><\/p>\n<p><span style=\"color: #000000;\">Con el uso de estas tecnolog\u00edas que dan a conocer nuestra herencia cultural, se envuelve completamente al espectador gener\u00e1ndole una experiencia superior a la brindada por cualquier otra muestra audiovisual, a\u00f1adi\u00f3 el Mincul.<\/span><\/p>\n<p><span style=\"color: #000000;\">En esta sala se proyecta \u201cParacas: entre la vida y la muerte\u201d, que es una ventana para conocer esta cultura preincaica que se desarroll\u00f3 en la costa sur de nuestro pa\u00eds. El visitante conocer\u00e1 rituales funerarios y su particular significaci\u00f3n religiosa.<\/span><\/p>\n<p><a href=\"https:\/\/elinformanteperu.com\/wp-content\/uploads\/2024\/11\/apec-2024-hologramas1.jpg\"><img fetchpriority=\"high\" decoding=\"async\" class=\"size-large wp-image-127780 aligncenter\" src=\"https:\/\/elinformanteperu.com\/wp-content\/uploads\/2024\/11\/apec-2024-hologramas1-1024x683.jpg\" alt=\"\" width=\"615\" height=\"410\" srcset=\"https:\/\/elinformanteperu.com\/wp-content\/uploads\/2024\/11\/apec-2024-hologramas1-1024x683.jpg 1024w, https:\/\/elinformanteperu.com\/wp-content\/uploads\/2024\/11\/apec-2024-hologramas1-300x200.jpg 300w, https:\/\/elinformanteperu.com\/wp-content\/uploads\/2024\/11\/apec-2024-hologramas1-768x512.jpg 768w, https:\/\/elinformanteperu.com\/wp-content\/uploads\/2024\/11\/apec-2024-hologramas1-1536x1025.jpg 1536w, https:\/\/elinformanteperu.com\/wp-content\/uploads\/2024\/11\/apec-2024-hologramas1.jpg 1800w\" sizes=\"(max-width: 615px) 100vw, 615px\" \/><\/a><strong><span style=\"color: #000000;\">Piezas \u00fanicas<\/span><\/strong><\/p>\n<p><span style=\"color: #000000;\">Asimismo, en el foyer del Mincul, los participantes de APEC pueden visitar la Sala de Innovaci\u00f3n Tecnol\u00f3gica con la muestra multimedia \u2018Piezas \u00fanicas\u2019 que re\u00fane una importante colecci\u00f3n arqueol\u00f3gica del Per\u00fa mediante soportes tecnol\u00f3gicos que permiten la interactividad con estos bienes en versi\u00f3n virtual.<\/span><\/p>\n<p><span style=\"color: #000000;\">\u201cLos visitantes podr\u00e1n utilizar visores de realidad aumentada con los que interactuar\u00e1n con bienes culturales en 3D, manipul\u00e1ndolos y generando sonidos a partir de la interacci\u00f3n\u201d, explic\u00f3 el ministerio.<\/span><\/p>\n<p><span style=\"color: #000000;\">Tambi\u00e9n podr\u00e1n observar una colecci\u00f3n de bienes arqueol\u00f3gicos mediante una pir\u00e1mide hologr\u00e1fica que les permitir\u00e1 ver cada una de estas piezas desde todos sus \u00e1ngulos. La sala cuenta con una impresora 3D de resina que expone r\u00e9plicas de bienes culturales realizados y pintados a mano.<\/span><\/p>\n<p><span style=\"color: #000000;\">Tambi\u00e9n encontrar\u00e1n pizarras interactivas para observar en ellas una colecci\u00f3n de bienes org\u00e1nicos, l\u00edticos y met\u00e1licos en 3D con interacci\u00f3n dise\u00f1ada especialmente para esta edici\u00f3n, as\u00ed como t\u00f3tems multimedia para que los visitantes se tomen una fotograf\u00eda con alg\u00fan bien cultural de la colecci\u00f3n.<\/span><\/p>\n","protected":false},"excerpt":{"rendered":"<p>Recursos tecnol\u00f3gicos de \u00faltima generaci\u00f3n permiten a l\u00edderes de APEC apreciar el patrimonio de nuestro pa\u00eds Lima, 13 Noviembre 2024, (ANDINA).- Con el uso de visores de realidad aumentada, una pir\u00e1mide hologr\u00e1fica, sistemas de sonido envolvente y proyectores de alta gama, los l\u00edderes y representantes que asisten al Foro de Cooperaci\u00f3n Econ\u00f3mica Asia-Pac\u00edfico APEC 2024 [&hellip;]<\/p>\n","protected":false},"author":1,"featured_media":127779,"comment_status":"closed","ping_status":"closed","sticky":false,"template":"","format":"standard","meta":{"rop_custom_images_group":[],"rop_custom_messages_group":[],"rop_publish_now":"initial","rop_publish_now_accounts":[],"rop_publish_now_history":[],"rop_publish_now_status":"pending","footnotes":""},"categories":[10,5745],"tags":[7285],"class_list":["post-127778","post","type-post","status-publish","format-standard","has-post-thumbnail","hentry","category-actualidad-municipal","category-lo-ultimo","tag-apec-2024"],"_links":{"self":[{"href":"https:\/\/elinformanteperu.com\/index.php\/wp-json\/wp\/v2\/posts\/127778","targetHints":{"allow":["GET"]}}],"collection":[{"href":"https:\/\/elinformanteperu.com\/index.php\/wp-json\/wp\/v2\/posts"}],"about":[{"href":"https:\/\/elinformanteperu.com\/index.php\/wp-json\/wp\/v2\/types\/post"}],"author":[{"embeddable":true,"href":"https:\/\/elinformanteperu.com\/index.php\/wp-json\/wp\/v2\/users\/1"}],"replies":[{"embeddable":true,"href":"https:\/\/elinformanteperu.com\/index.php\/wp-json\/wp\/v2\/comments?post=127778"}],"version-history":[{"count":1,"href":"https:\/\/elinformanteperu.com\/index.php\/wp-json\/wp\/v2\/posts\/127778\/revisions"}],"predecessor-version":[{"id":127781,"href":"https:\/\/elinformanteperu.com\/index.php\/wp-json\/wp\/v2\/posts\/127778\/revisions\/127781"}],"wp:featuredmedia":[{"embeddable":true,"href":"https:\/\/elinformanteperu.com\/index.php\/wp-json\/wp\/v2\/media\/127779"}],"wp:attachment":[{"href":"https:\/\/elinformanteperu.com\/index.php\/wp-json\/wp\/v2\/media?parent=127778"}],"wp:term":[{"taxonomy":"category","embeddable":true,"href":"https:\/\/elinformanteperu.com\/index.php\/wp-json\/wp\/v2\/categories?post=127778"},{"taxonomy":"post_tag","embeddable":true,"href":"https:\/\/elinformanteperu.com\/index.php\/wp-json\/wp\/v2\/tags?post=127778"}],"curies":[{"name":"wp","href":"https:\/\/api.w.org\/{rel}","templated":true}]}}