{"id":127775,"date":"2024-11-13T20:10:39","date_gmt":"2024-11-14T01:10:39","guid":{"rendered":"https:\/\/elinformanteperu.com\/?p=127775"},"modified":"2024-11-13T20:10:39","modified_gmt":"2024-11-14T01:10:39","slug":"jorge-fossati-ya-entrena-con-todas-sus-armas-para-enfrentar-a-chile-el-viernes","status":"publish","type":"post","link":"https:\/\/elinformanteperu.com\/index.php\/2024\/11\/13\/jorge-fossati-ya-entrena-con-todas-sus-armas-para-enfrentar-a-chile-el-viernes\/","title":{"rendered":"Jorge Fossati ya entrena con todas sus armas para enfrentar a Chile el viernes"},"content":{"rendered":"<p><strong><span style=\"color: #000000;\">El equipo entren\u00f3 con sus 29 convocados en el Estadio Monumental, donde recibir\u00e1 a la Roja<\/span><\/strong><\/p>\n<p><span style=\"color: #000000;\"><strong>Lima, 13 Noviembre 2024, (ANDINA).-<\/strong> La selecci\u00f3n peruana ya entrena con todos sus componentes convocados para afrontar la fecha doble (11 y 12) de Eliminatorias al Mundial 2026 ante Chile y Argentina por lo que el t\u00e9cnico Jorge Fossati comenz\u00f3 a bosquejar su oncena que iniciar\u00e1 las acciones ante la &#8216;Roja&#8217;, el viernes 15 de noviembre.<\/span><\/p>\n<p><span style=\"color: #000000;\">La escuadra nacional dej\u00f3, el martes \u00faltimo, su feudo de la Videna para instalarse en el Estadio Monumental de Ate, donde realizaron su entrenamiento en horas de la tarde-noche. Estuvieron los 29 futbolistas que fueron convocados para este doble jornada.<\/span><\/p>\n<p><span style=\"color: #000000;\">Los \u00faltimos en integrarse a los trabajos fueron Bryan Reyna, Luis Adv\u00edncula, Oliver Sonne, quien hab\u00edan llegado al pa\u00eds la noche anterior. Todos recibieron el tradicional &#8216;apanado&#8217; del resto del plantel que los aguardaba para iniciar los entrenamientos.<\/span><\/p>\n<p><span style=\"color: #000000;\">El gramado del Monumental no luci\u00f3 en las mejores de sus condiciones debido a que all\u00ed, el \u00faltimo s\u00e1bado, Universitario realiz\u00f3 los festejos de su t\u00edtulo nacional. A pesar de ello, los trabajos se desarrollaron sin sobresaltos.<\/span><\/p>\n<p><span style=\"color: #000000;\">Ya con el plantel completo, el t\u00e9cnico Jorge Fossati comenzar\u00e1 a finiquitar su alineaci\u00f3n titular que saldr\u00e1, el viernes 15 de noviembre (20:30 horas), a enfrentar a Chile en un &#8216;Cl\u00e1sico del Pac\u00edfico&#8217; crucial porque necesita ganar para seguir con vida en la lucha por un cupo al Mundial 2026.<\/span><\/p>\n<p><span style=\"color: #000000;\">Las dudas del estratega uruguayo pasar\u00edan por armar el mediocampo, donde tendr\u00eda sus mayores dudas. Cabe recordar, que una de las principales ausencias es la de Renato Tapia, quien ser\u00e1 baja por lesi\u00f3n.<\/span><\/p>\n<p><span style=\"color: #000000;\">La selecci\u00f3n peruana volver\u00e1 este mi\u00e9rcoles, desde las 17:00 horas, al Monumental para continuar con su preparaci\u00f3n. Previo a ello, Fossati tiene planeado dar una conferencia de prensa.<\/span><\/p>\n<blockquote class=\"twitter-tweet\" data-media-max-width=\"560\">\n<p dir=\"ltr\" lang=\"es\">\ud835\udde6\ud835\uddf6\ud835\uddf2\ud835\uddfa\ud835\uddfd\ud835\uddff\ud835\uddf2 \ud835\uddfd\ud835\uddee\u2019\ud835\uddf1\ud835\uddf2\ud835\uddf9\ud835\uddee\ud835\uddfb\ud835\ude01\ud835\uddf2 \ud83d\ude0e\ud83d\udcaa\ud83c\udffb<\/p>\n<p>\ud83c\udf9f\ufe0f Entradas en <a href=\"https:\/\/t.co\/LxVUksXIjF\">https:\/\/t.co\/LxVUksXIjF<\/a><a href=\"https:\/\/twitter.com\/hashtag\/UnSentimientoQueNosUne?src=hash&amp;ref_src=twsrc%5Etfw\">#UnSentimientoQueNosUne<\/a> <a href=\"https:\/\/t.co\/g3g1ldE5qB\">pic.twitter.com\/g3g1ldE5qB<\/a><\/p>\n<p>\u2014 La Bicolor (@SeleccionPeru) <a href=\"https:\/\/twitter.com\/SeleccionPeru\/status\/1856533577422229799?ref_src=twsrc%5Etfw\">November 13, 2024<\/a><\/p><\/blockquote>\n<p><script async src=\"https:\/\/platform.twitter.com\/widgets.js\" charset=\"utf-8\"><\/script><\/p>\n","protected":false},"excerpt":{"rendered":"<p>El equipo entren\u00f3 con sus 29 convocados en el Estadio Monumental, donde recibir\u00e1 a la Roja Lima, 13 Noviembre 2024, (ANDINA).- La selecci\u00f3n peruana ya entrena con todos sus componentes convocados para afrontar la fecha doble (11 y 12) de Eliminatorias al Mundial 2026 ante Chile y Argentina por lo que el t\u00e9cnico Jorge Fossati [&hellip;]<\/p>\n","protected":false},"author":1,"featured_media":127776,"comment_status":"closed","ping_status":"closed","sticky":false,"template":"","format":"standard","meta":{"rop_custom_images_group":[],"rop_custom_messages_group":[],"rop_publish_now":"initial","rop_publish_now_accounts":[],"rop_publish_now_history":[],"rop_publish_now_status":"pending","footnotes":""},"categories":[8],"tags":[7282,6179],"class_list":["post-127775","post","type-post","status-publish","format-standard","has-post-thumbnail","hentry","category-disciplinas-deportivas","tag-eliminatorias-2026","tag-peru-chile"],"_links":{"self":[{"href":"https:\/\/elinformanteperu.com\/index.php\/wp-json\/wp\/v2\/posts\/127775","targetHints":{"allow":["GET"]}}],"collection":[{"href":"https:\/\/elinformanteperu.com\/index.php\/wp-json\/wp\/v2\/posts"}],"about":[{"href":"https:\/\/elinformanteperu.com\/index.php\/wp-json\/wp\/v2\/types\/post"}],"author":[{"embeddable":true,"href":"https:\/\/elinformanteperu.com\/index.php\/wp-json\/wp\/v2\/users\/1"}],"replies":[{"embeddable":true,"href":"https:\/\/elinformanteperu.com\/index.php\/wp-json\/wp\/v2\/comments?post=127775"}],"version-history":[{"count":1,"href":"https:\/\/elinformanteperu.com\/index.php\/wp-json\/wp\/v2\/posts\/127775\/revisions"}],"predecessor-version":[{"id":127777,"href":"https:\/\/elinformanteperu.com\/index.php\/wp-json\/wp\/v2\/posts\/127775\/revisions\/127777"}],"wp:featuredmedia":[{"embeddable":true,"href":"https:\/\/elinformanteperu.com\/index.php\/wp-json\/wp\/v2\/media\/127776"}],"wp:attachment":[{"href":"https:\/\/elinformanteperu.com\/index.php\/wp-json\/wp\/v2\/media?parent=127775"}],"wp:term":[{"taxonomy":"category","embeddable":true,"href":"https:\/\/elinformanteperu.com\/index.php\/wp-json\/wp\/v2\/categories?post=127775"},{"taxonomy":"post_tag","embeddable":true,"href":"https:\/\/elinformanteperu.com\/index.php\/wp-json\/wp\/v2\/tags?post=127775"}],"curies":[{"name":"wp","href":"https:\/\/api.w.org\/{rel}","templated":true}]}}