{"id":127616,"date":"2024-11-10T09:33:21","date_gmt":"2024-11-10T14:33:21","guid":{"rendered":"https:\/\/elinformanteperu.com\/?p=127616"},"modified":"2024-11-10T09:33:21","modified_gmt":"2024-11-10T14:33:21","slug":"pedro-paramo-la-mitica-novela-del-escritor-mexicano-juan-rulfo-llega-a-netflix","status":"publish","type":"post","link":"https:\/\/elinformanteperu.com\/index.php\/2024\/11\/10\/pedro-paramo-la-mitica-novela-del-escritor-mexicano-juan-rulfo-llega-a-netflix\/","title":{"rendered":"\u00abPedro P\u00e1ramo\u00bb, la m\u00edtica novela del escritor mexicano Juan Rulfo llega a Netflix"},"content":{"rendered":"<p><span style=\"color: #000000;\"><strong>Ciudad de M\u00e9xico, 9 Noviembre 2024, (ANDINA).-<\/strong> \u00abPedro P\u00e1ramo\u00bb, la m\u00edtica novela del escritor mexicano Juan Rulfo, llega a la pantalla de Netflix bajo la batuta del director de fotograf\u00eda Rodrigo Prieto, quien dej\u00f3 Hollywood para sumirse en la fantasmag\u00f3rica Comala, donde ocurre la historia.<\/span><\/p>\n<p><span style=\"color: #000000;\">Un desierto polvoriento bajo un sol abrasador es el escenario en el que se asoma el pueblo: as\u00ed empieza la primera pel\u00edcula de Prieto como director.<\/span><\/p>\n<p><span style=\"color: #000000;\">Prieto reci\u00e9n hab\u00eda asumido la fotograf\u00eda de \u00abBarbie\u00bb, de Greta Gerwig, y de \u00abKillers of the flower moon\u00bb (Los asesinos de la luna), de Martin Scorsese, cuando adapt\u00f3 a la pantalla esta obra que a\u00fan se lee en colegios de toda Am\u00e9rica Latina.<\/span><\/p>\n<p><span style=\"color: #000000;\">\u00abSe la mostr\u00e9 a Martin Scorsese y a su hija Francesca\u00bb, cont\u00f3 Prieto en el reciente Festival de Cine de Morelia.<\/span><\/p>\n<p><span style=\"color: #000000;\">Cin\u00e9filo absoluto, Scorsese se mostr\u00f3 interesado, inclusive sin conocer la historia ni la mentalidad del M\u00e9xico profundo que quiso retratar Rulfo en la novela publicada en 1955.<\/span><\/p>\n<p><span style=\"color: #000000;\">\u00abMe dijo: &#8216;Oye, este plano deber\u00eda ser un poco m\u00e1s largo&#8217;. Lo alargu\u00e9 un poquito. Dos planos me sugiri\u00f3 que fueran m\u00e1s largos\u00bb, relat\u00f3 Prieto, y a\u00f1adi\u00f3 que tambi\u00e9n el hijo del escritor colombiano Gabriel Garc\u00eda M\u00e1rquez, Rodrigo Garc\u00eda, fue su consejero.<\/span><\/p>\n<p><span style=\"color: #000000;\">La historia empieza con la llegada de Juan Preciado (interpretado por el actor mexicano Tenoch Huerta) a Comala para cumplir con la promesa que le hizo a su madre reci\u00e9n fallecida: buscar a su padre, Pedro P\u00e1ramo.<\/span><\/p>\n<p><span style=\"color: #000000;\">As\u00ed retrata Prieto uno de los arranques m\u00e1s famosos de la literatura en espa\u00f1ol, en alg\u00fan lugar entre el Quijote y \u00abCien a\u00f1os de soledad\u00bb: \u00abVine a Comala porque me dijeron que ac\u00e1 viv\u00eda mi padre, un tal Pedro P\u00e1ramo\u00bb.<\/span><\/p>\n<p><span style=\"color: #000000;\">El papel del cacique P\u00e1ramo lo interpreta Manuel Garc\u00eda Rulfo, que tiene un lejano parentesco con el autor de la novela.<\/span><\/p>\n<p><span style=\"color: #000000;\">\u00ab(Juan Rulfo) era primo hermano de mi abuelo, entonces t\u00edo abuelo m\u00edo\u00bb, cont\u00f3 el actor en un programa de promoci\u00f3n de la pel\u00edcula.<\/span><\/p>\n<p><span style=\"color: #000000;\">\u00abEs incre\u00edble la oportunidad que me diera Rodrigo de hacer este personaje tan complejo\u00bb, agradeci\u00f3. \u00abM\u00e1s all\u00e1 del tirano, del cacique, yo busqu\u00e9 humanizarlo\u00bb, dijo.<\/span><\/p>\n<p><span style=\"color: #000000;\">Adem\u00e1s de su fotograf\u00eda, la pel\u00edcula destaca tambi\u00e9n por las int\u00e9rpretes femeninas que luchan contra el machismo arraigado en este M\u00e9xico tradicional, como Ilse Salas, Yoshira Esc\u00e1rrega, Dolores Heredia, Giovanna Zacar\u00edas y Mayra Batalla.<\/span><\/p>\n","protected":false},"excerpt":{"rendered":"<p>Ciudad de M\u00e9xico, 9 Noviembre 2024, (ANDINA).- \u00abPedro P\u00e1ramo\u00bb, la m\u00edtica novela del escritor mexicano Juan Rulfo, llega a la pantalla de Netflix bajo la batuta del director de fotograf\u00eda Rodrigo Prieto, quien dej\u00f3 Hollywood para sumirse en la fantasmag\u00f3rica Comala, donde ocurre la historia. Un desierto polvoriento bajo un sol abrasador es el escenario [&hellip;]<\/p>\n","protected":false},"author":1,"featured_media":127617,"comment_status":"closed","ping_status":"closed","sticky":false,"template":"","format":"standard","meta":{"rop_custom_images_group":[],"rop_custom_messages_group":[],"rop_publish_now":"initial","rop_publish_now_accounts":[],"rop_publish_now_history":[],"rop_publish_now_status":"pending","footnotes":""},"categories":[70],"tags":[1594,7817],"class_list":["post-127616","post","type-post","status-publish","format-standard","has-post-thumbnail","hentry","category-farandula","tag-netflix","tag-pedro-paramo"],"_links":{"self":[{"href":"https:\/\/elinformanteperu.com\/index.php\/wp-json\/wp\/v2\/posts\/127616","targetHints":{"allow":["GET"]}}],"collection":[{"href":"https:\/\/elinformanteperu.com\/index.php\/wp-json\/wp\/v2\/posts"}],"about":[{"href":"https:\/\/elinformanteperu.com\/index.php\/wp-json\/wp\/v2\/types\/post"}],"author":[{"embeddable":true,"href":"https:\/\/elinformanteperu.com\/index.php\/wp-json\/wp\/v2\/users\/1"}],"replies":[{"embeddable":true,"href":"https:\/\/elinformanteperu.com\/index.php\/wp-json\/wp\/v2\/comments?post=127616"}],"version-history":[{"count":1,"href":"https:\/\/elinformanteperu.com\/index.php\/wp-json\/wp\/v2\/posts\/127616\/revisions"}],"predecessor-version":[{"id":127618,"href":"https:\/\/elinformanteperu.com\/index.php\/wp-json\/wp\/v2\/posts\/127616\/revisions\/127618"}],"wp:featuredmedia":[{"embeddable":true,"href":"https:\/\/elinformanteperu.com\/index.php\/wp-json\/wp\/v2\/media\/127617"}],"wp:attachment":[{"href":"https:\/\/elinformanteperu.com\/index.php\/wp-json\/wp\/v2\/media?parent=127616"}],"wp:term":[{"taxonomy":"category","embeddable":true,"href":"https:\/\/elinformanteperu.com\/index.php\/wp-json\/wp\/v2\/categories?post=127616"},{"taxonomy":"post_tag","embeddable":true,"href":"https:\/\/elinformanteperu.com\/index.php\/wp-json\/wp\/v2\/tags?post=127616"}],"curies":[{"name":"wp","href":"https:\/\/api.w.org\/{rel}","templated":true}]}}