{"id":127348,"date":"2024-11-06T21:47:18","date_gmt":"2024-11-07T02:47:18","guid":{"rendered":"https:\/\/elinformanteperu.com\/?p=127348"},"modified":"2024-11-07T08:16:38","modified_gmt":"2024-11-07T13:16:38","slug":"vuelve-el-festival-de-cine-europeo-de-lima-con-funciones-gratis-y-estrenos-imperdibles","status":"publish","type":"post","link":"https:\/\/elinformanteperu.com\/index.php\/2024\/11\/06\/vuelve-el-festival-de-cine-europeo-de-lima-con-funciones-gratis-y-estrenos-imperdibles\/","title":{"rendered":"\u00a1Vuelve el Festival de Cine Europeo de Lima  con funciones gratis y estrenos imperdibles!"},"content":{"rendered":"<p><strong><span style=\"color: #000000;\">\u2022 El Festival de Cine europeo de Lima celebra su 36\u00aa edici\u00f3n del 14 al 28 de noviembre de 2024 en Lima, Cusco, Arequipa, Piura, Trujillo y Chiclayo. Se presentar\u00e1n 35 pel\u00edculas de estreno, de 15 pa\u00edses en 129 proyecciones programadas en 16 sedes.<\/span><\/strong><\/p>\n<p><span style=\"color: #000000;\"><strong>Lima, 6 Noviembre 2024, (El Informante Per\u00fa).-<\/strong> Del 14 al 28 de noviembre, el Festival de Cine Europeo de Lima regresa con su 36\u00aa edici\u00f3n, trayendo lo mejor del cine europeo de manera totalmente gratuita. Con una variada cartelera, el Festival ser\u00e1 una ventana \u00fanica al cine europeo contempor\u00e1neo. Con 129 funciones distribuidas en 16 sedes de Lima, Cusco, Arequipa, Piura, Trujillo y Chiclayo, el p\u00fablico podr\u00e1 elegir entre una variada programaci\u00f3n de cine para todos.<\/span><\/p>\n<p><span style=\"color: #000000;\">Durante dos semanas, m\u00e1s de 13 mil espectadores podr\u00e1n disfrutar gratuitamente de una selecci\u00f3n de 35 pel\u00edculas de estreno, provenientes de 13 pa\u00edses de la Uni\u00f3n Europea: Hungr\u00eda, que lleva la presidencia del Festival, Alemania, B\u00e9lgica, Eslovenia, Espa\u00f1a, Finlandia, Francia, Grecia, Italia, Pa\u00edses Bajos, Polonia, Portugal y Ruman\u00eda; adem\u00e1s de producciones de Ucrania, pa\u00eds invitado y de Per\u00fa.<\/span><\/p>\n<p><strong><span style=\"color: #000000;\">Programaci\u00f3n y reservas<\/span><\/strong><\/p>\n<p><span style=\"color: #000000;\">El p\u00fablico ya puede reservar sus entradas para las funciones en todas nuestras sedes (excepto CCPUCP y Alianza Francesa de Lima) a trav\u00e9s de Joinnus. Es importante tener en cuenta que la reserva no asegura un asiento, dado que las entradas se entregar\u00e1n por orden de llegada en cada funci\u00f3n. Asimismo, las personas que no realicen la reserva podr\u00e1n asistir directamente a las funciones.<\/span><\/p>\n<p><strong><span style=\"color: #000000;\">Di\u00e1logo Cinematogr\u00e1fico: Hungr\u00eda y Per\u00fa unen sus historias<\/span><\/strong><\/p>\n<p><span style=\"color: #000000;\">Este a\u00f1o, como ya es tradici\u00f3n, se llevar\u00e1 a cabo un Di\u00e1logo Cinematogr\u00e1fico entre Per\u00fa y Hungr\u00eda, pa\u00eds que lleva presidencia del Festival. Este encuentro busca enlazar las creaciones de ambos pa\u00edses a trav\u00e9s de un eje tem\u00e1tico cuidadosamente seleccionado el cual ser\u00e1 este a\u00f1o: \u201cLas complejidades de las relaciones humanas en contextos de adversidad\u201d. Las dos pel\u00edculas elegidas son: \u201cSzerelem\u201d, de K\u00e1roly Makk, un cl\u00e1sico del cine h\u00fangaro de 1971 que explora la represi\u00f3n pol\u00edtica de la d\u00e9cada de los 50; y \u201cLa piel m\u00e1s temida\u201d, de Joel Calero, un intenso drama peruano del 2023 que examina un complejo entramado de poder, violencia y amor.<\/span><\/p>\n<p><strong><span style=\"color: #000000;\">Ucrania, pa\u00eds invitado<\/span><\/strong><\/p>\n<p><span style=\"color: #000000;\">Adem\u00e1s, Ucrania se suma como pa\u00eds invitado especial, ofreciendo un Ciclo Especial, que refleja el impactante y desafiante contexto que este pa\u00eds enfrenta a trav\u00e9s de cuatro pel\u00edculas: \u201cEl Francotirador de Donbass\u201d, \u201cCultura vs. guerra\u201d, \u201cBuscando a Nika\u201d y \u201cEdurodonb\u00e1s\u201d.<\/span><\/p>\n<p><a href=\"https:\/\/elinformanteperu.com\/wp-content\/uploads\/2024\/11\/Semmelweis.jpg\"><img fetchpriority=\"high\" decoding=\"async\" class=\"size-full wp-image-127350 aligncenter\" src=\"https:\/\/elinformanteperu.com\/wp-content\/uploads\/2024\/11\/Semmelweis.jpg\" alt=\"\" width=\"679\" height=\"511\" srcset=\"https:\/\/elinformanteperu.com\/wp-content\/uploads\/2024\/11\/Semmelweis.jpg 679w, https:\/\/elinformanteperu.com\/wp-content\/uploads\/2024\/11\/Semmelweis-300x226.jpg 300w\" sizes=\"(max-width: 679px) 100vw, 679px\" \/><\/a><\/p>\n<p><strong><span style=\"color: #000000;\">Talleres profesionales e invitados<\/span><\/strong><\/p>\n<p><span style=\"color: #000000;\">Finalmente, por sexto a\u00f1o consecutivo, el Festival de Cine Europeo contar\u00e1 con el laboratorio de formaci\u00f3n en cinematograf\u00eda CINELABS, organizado por el grupo de Institutos Culturales Europeos en Per\u00fa (EUNIC) espacio que convocar\u00e1 a expertos internacionales. Tambi\u00e9n, por primera vez este a\u00f1o, EUNIC presentar\u00e1 CORTOLABS, un proyecto que culmina con la creaci\u00f3n de un cortometraje sobre medio ambiente y sostenibilidad, dirigido por una directora peruana.<\/span><\/p>\n<p><span style=\"color: #000000;\">En esta edici\u00f3n, contaremos con la destacada participaci\u00f3n de reconocidos realizadores audiovisuales. Entre ellos, Veit Helmer, director alem\u00e1n del largometraje G\u00f3ndola, as\u00ed como Luis Roca y Marta De Santa Ana, director y productora de la pel\u00edcula Benito P\u00e9rez Bu\u00f1uel de Espa\u00f1a que estar\u00e1n acompa\u00f1ando algunas de sus funciones tanto en Lima como en algunas otras ciudades de provincia. Adem\u00e1s, de forma virtual, nos acompa\u00f1ar\u00e1 el realizador franco-peruano Manuel-Antonio Monteagudo que estar\u00e1 dictando un taller. Tambi\u00e9n, a trav\u00e9s del Greek Film Centre en un panel virtual, participar\u00e1n Athena Kartalou, Zoe Kandyla, Neoklis Mantas y Yianna Sarri.<\/span><\/p>\n<p><span style=\"color: #000000;\">Todos ellos estar\u00e1n involucrados de manera activa en las actividades programadas en CineLabs, en el marco del Festival de Cine Europeo, enriqueciendo el festival con sus conocimientos y experiencias<\/span><\/p>\n<p><span style=\"color: #000000;\"><strong>Premio del P\u00fablico:<\/strong> <\/span><span style=\"color: #000000;\">El Festival no s\u00f3lo ser\u00e1 un escaparate del cine europeo, sino tambi\u00e9n una experiencia participativa dado que los asistentes podr\u00e1n participar en la votaci\u00f3n del \u201cPremio del P\u00fablico\u201d, eligiendo la pel\u00edcula m\u00e1s destacada del evento y convirti\u00e9ndose as\u00ed en protagonistas de esta fiesta cinematogr\u00e1fica.<\/span><\/p>\n<p><strong><span style=\"color: #000000;\">El Festival de Cine Europeo de Lima: uno de los m\u00e1s antiguos de la regi\u00f3n<\/span><\/strong><\/p>\n<p><span style=\"color: #000000;\">Desde su primera edici\u00f3n hace m\u00e1s de 30 a\u00f1os, el Festival de Cine Europeo de Lima se ha consolidado como uno de los eventos m\u00e1s importantes de su tipo en Am\u00e9rica Latina. Su misi\u00f3n principal es la formaci\u00f3n del p\u00fablico promoviendo un cine innovador y comprometido; y ofreciendo una experiencia cultural \u00fanica que fomenta la reflexi\u00f3n y despierta emociones. Es organizado por la Uni\u00f3n Europea en Per\u00fa, las embajadas de los Estados miembros, EUNIC y la Filmoteca de la Pontificia Universidad Cat\u00f3lica del Per\u00fa. Adem\u00e1s, cuenta con el apoyo de la Comisi\u00f3n Europea, que desde 2018 ha trabajado para elevar la calidad de los festivales europeos a nivel mundial mediante el proyecto Cineuropa.<\/span><\/p>\n<p><a href=\"https:\/\/elinformanteperu.com\/wp-content\/uploads\/2024\/11\/joel-calero3.jpg\"><img decoding=\"async\" class=\"size-full wp-image-127351 aligncenter\" src=\"https:\/\/elinformanteperu.com\/wp-content\/uploads\/2024\/11\/joel-calero3.jpg\" alt=\"\" width=\"909\" height=\"512\" srcset=\"https:\/\/elinformanteperu.com\/wp-content\/uploads\/2024\/11\/joel-calero3.jpg 909w, https:\/\/elinformanteperu.com\/wp-content\/uploads\/2024\/11\/joel-calero3-300x169.jpg 300w, https:\/\/elinformanteperu.com\/wp-content\/uploads\/2024\/11\/joel-calero3-768x433.jpg 768w, https:\/\/elinformanteperu.com\/wp-content\/uploads\/2024\/11\/joel-calero3-620x350.jpg 620w\" sizes=\"(max-width: 909px) 100vw, 909px\" \/><\/a><\/p>\n","protected":false},"excerpt":{"rendered":"<p>\u2022 El Festival de Cine europeo de Lima celebra su 36\u00aa edici\u00f3n del 14 al 28 de noviembre de 2024 en Lima, Cusco, Arequipa, Piura, Trujillo y Chiclayo. Se presentar\u00e1n 35 pel\u00edculas de estreno, de 15 pa\u00edses en 129 proyecciones programadas en 16 sedes. Lima, 6 Noviembre 2024, (El Informante Per\u00fa).- Del 14 al 28 [&hellip;]<\/p>\n","protected":false},"author":1,"featured_media":127349,"comment_status":"closed","ping_status":"closed","sticky":false,"template":"","format":"standard","meta":{"rop_custom_images_group":[],"rop_custom_messages_group":[],"rop_publish_now":"initial","rop_publish_now_accounts":[],"rop_publish_now_history":[],"rop_publish_now_status":"pending","footnotes":""},"categories":[7],"tags":[2248,7802],"class_list":["post-127348","post","type-post","status-publish","format-standard","has-post-thumbnail","hentry","category-butaca","tag-festival-de-cine-europeo-de-lima-2017","tag-festival-de-cine-europeo-de-lima-2024"],"_links":{"self":[{"href":"https:\/\/elinformanteperu.com\/index.php\/wp-json\/wp\/v2\/posts\/127348","targetHints":{"allow":["GET"]}}],"collection":[{"href":"https:\/\/elinformanteperu.com\/index.php\/wp-json\/wp\/v2\/posts"}],"about":[{"href":"https:\/\/elinformanteperu.com\/index.php\/wp-json\/wp\/v2\/types\/post"}],"author":[{"embeddable":true,"href":"https:\/\/elinformanteperu.com\/index.php\/wp-json\/wp\/v2\/users\/1"}],"replies":[{"embeddable":true,"href":"https:\/\/elinformanteperu.com\/index.php\/wp-json\/wp\/v2\/comments?post=127348"}],"version-history":[{"count":2,"href":"https:\/\/elinformanteperu.com\/index.php\/wp-json\/wp\/v2\/posts\/127348\/revisions"}],"predecessor-version":[{"id":127451,"href":"https:\/\/elinformanteperu.com\/index.php\/wp-json\/wp\/v2\/posts\/127348\/revisions\/127451"}],"wp:featuredmedia":[{"embeddable":true,"href":"https:\/\/elinformanteperu.com\/index.php\/wp-json\/wp\/v2\/media\/127349"}],"wp:attachment":[{"href":"https:\/\/elinformanteperu.com\/index.php\/wp-json\/wp\/v2\/media?parent=127348"}],"wp:term":[{"taxonomy":"category","embeddable":true,"href":"https:\/\/elinformanteperu.com\/index.php\/wp-json\/wp\/v2\/categories?post=127348"},{"taxonomy":"post_tag","embeddable":true,"href":"https:\/\/elinformanteperu.com\/index.php\/wp-json\/wp\/v2\/tags?post=127348"}],"curies":[{"name":"wp","href":"https:\/\/api.w.org\/{rel}","templated":true}]}}