{"id":127325,"date":"2024-11-06T00:26:47","date_gmt":"2024-11-06T05:26:47","guid":{"rendered":"https:\/\/elinformanteperu.com\/?p=127325"},"modified":"2024-11-06T00:26:47","modified_gmt":"2024-11-06T05:26:47","slug":"ministro-del-interior-se-reunio-con-representantes-de-emporio-comercial-de-gamarra","status":"publish","type":"post","link":"https:\/\/elinformanteperu.com\/index.php\/2024\/11\/06\/ministro-del-interior-se-reunio-con-representantes-de-emporio-comercial-de-gamarra\/","title":{"rendered":"Ministro del Interior se reuni\u00f3 con representantes de emporio comercial de Gamarra"},"content":{"rendered":"<p><strong><span style=\"color: #000000;\">Anunciaron que no se sumar\u00e1n a paralizaci\u00f3n<\/span><\/strong><\/p>\n<p><span style=\"color: #000000;\"><strong>Lima, 5 Noviembre 2024, (ANDINA).-<\/strong> El ministro del interior Juan Jos\u00e9 Santiv\u00e1\u00f1ez, se reuni\u00f3 con representantes del Emporio Comercial de Gamarra, quienes anunciaron que no se sumar\u00e1n al paro y contribuir\u00e1n en la lucha frontal contra la extorsi\u00f3n.<\/span><\/p>\n<p><span style=\"color: #000000;\">As\u00ed lo inform\u00f3 el Ministerio del Interior a trav\u00e9s de sus redes sociales. En dicha reuni\u00f3n tambi\u00e9n asistieron representantes de la Polic\u00eda Nacional del Per\u00fa (PNP).<\/span><\/p>\n<p><span style=\"color: #000000;\">Dicho sector tambi\u00e9n inform\u00f3 sobre una reuni\u00f3n con representantes de gremios de transportistas.<\/span><\/p>\n<p><span style=\"color: #000000;\">Este encuentro se hizo para trazar estrategias, incrementar la prevenci\u00f3n e intensificar los operativos contra las mafias de extorsi\u00f3n y cobro de cupos.<\/span><\/p>\n<p><a href=\"https:\/\/elinformanteperu.com\/wp-content\/uploads\/2024\/11\/mininter-ministro-santivanez-con-gamarra1.jpg\"><img fetchpriority=\"high\" decoding=\"async\" class=\"size-large wp-image-127327 aligncenter\" src=\"https:\/\/elinformanteperu.com\/wp-content\/uploads\/2024\/11\/mininter-ministro-santivanez-con-gamarra1-1024x682.jpg\" alt=\"\" width=\"615\" height=\"410\" srcset=\"https:\/\/elinformanteperu.com\/wp-content\/uploads\/2024\/11\/mininter-ministro-santivanez-con-gamarra1-1024x682.jpg 1024w, https:\/\/elinformanteperu.com\/wp-content\/uploads\/2024\/11\/mininter-ministro-santivanez-con-gamarra1-300x200.jpg 300w, https:\/\/elinformanteperu.com\/wp-content\/uploads\/2024\/11\/mininter-ministro-santivanez-con-gamarra1-768x512.jpg 768w, https:\/\/elinformanteperu.com\/wp-content\/uploads\/2024\/11\/mininter-ministro-santivanez-con-gamarra1.jpg 1280w\" sizes=\"(max-width: 615px) 100vw, 615px\" \/><\/a><\/p>\n","protected":false},"excerpt":{"rendered":"<p>Anunciaron que no se sumar\u00e1n a paralizaci\u00f3n Lima, 5 Noviembre 2024, (ANDINA).- El ministro del interior Juan Jos\u00e9 Santiv\u00e1\u00f1ez, se reuni\u00f3 con representantes del Emporio Comercial de Gamarra, quienes anunciaron que no se sumar\u00e1n al paro y contribuir\u00e1n en la lucha frontal contra la extorsi\u00f3n. As\u00ed lo inform\u00f3 el Ministerio del Interior a trav\u00e9s de [&hellip;]<\/p>\n","protected":false},"author":1,"featured_media":127326,"comment_status":"closed","ping_status":"closed","sticky":false,"template":"","format":"standard","meta":{"rop_custom_images_group":[],"rop_custom_messages_group":[],"rop_publish_now":"initial","rop_publish_now_accounts":[],"rop_publish_now_history":[],"rop_publish_now_status":"pending","footnotes":""},"categories":[5],"tags":[433,7532,401,280],"class_list":["post-127325","post","type-post","status-publish","format-standard","has-post-thumbnail","hentry","category-actualidad-informativa","tag-gamarra","tag-juan-jose-santivanez","tag-mininter","tag-ministerio-del-interior"],"_links":{"self":[{"href":"https:\/\/elinformanteperu.com\/index.php\/wp-json\/wp\/v2\/posts\/127325","targetHints":{"allow":["GET"]}}],"collection":[{"href":"https:\/\/elinformanteperu.com\/index.php\/wp-json\/wp\/v2\/posts"}],"about":[{"href":"https:\/\/elinformanteperu.com\/index.php\/wp-json\/wp\/v2\/types\/post"}],"author":[{"embeddable":true,"href":"https:\/\/elinformanteperu.com\/index.php\/wp-json\/wp\/v2\/users\/1"}],"replies":[{"embeddable":true,"href":"https:\/\/elinformanteperu.com\/index.php\/wp-json\/wp\/v2\/comments?post=127325"}],"version-history":[{"count":1,"href":"https:\/\/elinformanteperu.com\/index.php\/wp-json\/wp\/v2\/posts\/127325\/revisions"}],"predecessor-version":[{"id":127328,"href":"https:\/\/elinformanteperu.com\/index.php\/wp-json\/wp\/v2\/posts\/127325\/revisions\/127328"}],"wp:featuredmedia":[{"embeddable":true,"href":"https:\/\/elinformanteperu.com\/index.php\/wp-json\/wp\/v2\/media\/127326"}],"wp:attachment":[{"href":"https:\/\/elinformanteperu.com\/index.php\/wp-json\/wp\/v2\/media?parent=127325"}],"wp:term":[{"taxonomy":"category","embeddable":true,"href":"https:\/\/elinformanteperu.com\/index.php\/wp-json\/wp\/v2\/categories?post=127325"},{"taxonomy":"post_tag","embeddable":true,"href":"https:\/\/elinformanteperu.com\/index.php\/wp-json\/wp\/v2\/tags?post=127325"}],"curies":[{"name":"wp","href":"https:\/\/api.w.org\/{rel}","templated":true}]}}