{"id":127305,"date":"2024-11-05T23:59:26","date_gmt":"2024-11-06T04:59:26","guid":{"rendered":"https:\/\/elinformanteperu.com\/?p=127305"},"modified":"2024-11-05T23:59:26","modified_gmt":"2024-11-06T04:59:26","slug":"apec-peru-2024-mtpe-destaca-que-foro-sera-oportuno-para-atraer-inversiones-globales","status":"publish","type":"post","link":"https:\/\/elinformanteperu.com\/index.php\/2024\/11\/05\/apec-peru-2024-mtpe-destaca-que-foro-sera-oportuno-para-atraer-inversiones-globales\/","title":{"rendered":"APEC Per\u00fa 2024: MTPE destaca que foro ser\u00e1 oportuno para atraer inversiones globales"},"content":{"rendered":"<p><span style=\"color: #000000;\"><strong>Lima, 5 Noviembre 2024, (ANDINA).-<\/strong> Durante la Semana de L\u00edderes del APEC el Per\u00fa estar\u00e1 en el centro de la noticia en una especie de vitrina para exponer las oportunidades que ofrece nuestro pa\u00eds a las inversiones globales, sostuvo el ministro de Trabajo y Promoci\u00f3n del Empleo, Daniel Maurate.<\/span><\/p>\n<p><span style=\"color: #000000;\">\u201cEl objetivo es aprovechar esta oportunidad para mostrar lo mejor del Per\u00fa porque as\u00ed podremos atraer m\u00e1s inversiones\u201d, dijo durante el lanzamiento de estrategia de empleo juvenil \u00abTrae a tu pata\u00bb.<\/span><\/p>\n<p><span style=\"color: #000000;\">Resalt\u00f3 que el desarrollo de nuevos proyectos de inversi\u00f3n genera una mayor recaudaci\u00f3n, un pa\u00eds m\u00e1s productivo.<\/span><\/p>\n<p><span style=\"color: #000000;\">\u201cUn pa\u00eds es m\u00e1s productivo cuando incluye a m\u00e1s personas en la actividad econ\u00f3mica, as\u00ed lo afirman la Organizaci\u00f3n para la Cooperaci\u00f3n y el Desarrollo Econ\u00f3mico (OCDE) y la Organizaci\u00f3n Internacional Del Trabajo (OIT)\u201d, dijo.<\/span><\/p>\n<p><strong><span style=\"color: #000000;\">Contra la pobreza<\/span><\/strong><\/p>\n<p><span style=\"color: #000000;\">Maurate coment\u00f3 que para avanzar en la lucha contra la pobreza es fundamental general empleo productivo atrayendo nuevas inversiones.<\/span><\/p>\n<p><span style=\"color: #000000;\">\u201cEl APEC Per\u00fa 2024 ser\u00e1 ideal para atraer m\u00e1s inversiones y mostrar lo mejor que tiene el Per\u00fa. Pero si solo mostramos temas negativos probablemente se aleje a los capitales y no se generen los empleos que necesitamos\u201d, asever\u00f3.<\/span><\/p>\n<p><strong><span style=\"color: #000000;\">RMV<\/span><\/strong><\/p>\n<p><span style=\"color: #000000;\">De otro lado, dijo que se ha cumplido con todos los procedimientos establecidos para aumentar la Remuneraci\u00f3n M\u00ednima Vital (RMV).<\/span><\/p>\n<p><span style=\"color: #000000;\">\u201cHe visto el esfuerzo de las partes para llegar a un acuerdo, pero lamentablemente no se logr\u00f3. Lo que hay quedado es que el Ejecutivo, conforme a sus competencias determine el incremento de la remuneraci\u00f3n minina vital\u201d, mencion\u00f3.<\/span><\/p>\n<p><span style=\"color: #000000;\">\u201cEstoy seguro que cuando la presidenta de la Rep\u00fablica lo considere oportuno har\u00e1 el anuncio respectivo. Yo creo que ser\u00e1 este a\u00f1o\u201d, agreg\u00f3 Maurate.<\/span><\/p>\n","protected":false},"excerpt":{"rendered":"<p>Lima, 5 Noviembre 2024, (ANDINA).- Durante la Semana de L\u00edderes del APEC el Per\u00fa estar\u00e1 en el centro de la noticia en una especie de vitrina para exponer las oportunidades que ofrece nuestro pa\u00eds a las inversiones globales, sostuvo el ministro de Trabajo y Promoci\u00f3n del Empleo, Daniel Maurate. \u201cEl objetivo es aprovechar esta oportunidad [&hellip;]<\/p>\n","protected":false},"author":1,"featured_media":127306,"comment_status":"closed","ping_status":"closed","sticky":false,"template":"","format":"standard","meta":{"rop_custom_images_group":[],"rop_custom_messages_group":[],"rop_publish_now":"initial","rop_publish_now_accounts":[],"rop_publish_now_history":[],"rop_publish_now_status":"pending","footnotes":""},"categories":[5],"tags":[7284,320,1850],"class_list":["post-127305","post","type-post","status-publish","format-standard","has-post-thumbnail","hentry","category-actualidad-informativa","tag-daniel-maurate","tag-ministerio-de-trabajo","tag-mtpe"],"_links":{"self":[{"href":"https:\/\/elinformanteperu.com\/index.php\/wp-json\/wp\/v2\/posts\/127305","targetHints":{"allow":["GET"]}}],"collection":[{"href":"https:\/\/elinformanteperu.com\/index.php\/wp-json\/wp\/v2\/posts"}],"about":[{"href":"https:\/\/elinformanteperu.com\/index.php\/wp-json\/wp\/v2\/types\/post"}],"author":[{"embeddable":true,"href":"https:\/\/elinformanteperu.com\/index.php\/wp-json\/wp\/v2\/users\/1"}],"replies":[{"embeddable":true,"href":"https:\/\/elinformanteperu.com\/index.php\/wp-json\/wp\/v2\/comments?post=127305"}],"version-history":[{"count":1,"href":"https:\/\/elinformanteperu.com\/index.php\/wp-json\/wp\/v2\/posts\/127305\/revisions"}],"predecessor-version":[{"id":127307,"href":"https:\/\/elinformanteperu.com\/index.php\/wp-json\/wp\/v2\/posts\/127305\/revisions\/127307"}],"wp:featuredmedia":[{"embeddable":true,"href":"https:\/\/elinformanteperu.com\/index.php\/wp-json\/wp\/v2\/media\/127306"}],"wp:attachment":[{"href":"https:\/\/elinformanteperu.com\/index.php\/wp-json\/wp\/v2\/media?parent=127305"}],"wp:term":[{"taxonomy":"category","embeddable":true,"href":"https:\/\/elinformanteperu.com\/index.php\/wp-json\/wp\/v2\/categories?post=127305"},{"taxonomy":"post_tag","embeddable":true,"href":"https:\/\/elinformanteperu.com\/index.php\/wp-json\/wp\/v2\/tags?post=127305"}],"curies":[{"name":"wp","href":"https:\/\/api.w.org\/{rel}","templated":true}]}}