{"id":127295,"date":"2024-11-05T22:11:58","date_gmt":"2024-11-06T03:11:58","guid":{"rendered":"https:\/\/elinformanteperu.com\/?p=127295"},"modified":"2024-11-05T22:11:58","modified_gmt":"2024-11-06T03:11:58","slug":"mml-recupera-espacio-publico-en-surco-para-ejecucion-de-via-expresa-sur","status":"publish","type":"post","link":"https:\/\/elinformanteperu.com\/index.php\/2024\/11\/05\/mml-recupera-espacio-publico-en-surco-para-ejecucion-de-via-expresa-sur\/","title":{"rendered":"MML recupera espacio p\u00fablico en Surco para ejecuci\u00f3n de V\u00eda Expresa Sur"},"content":{"rendered":"<p><strong><span style=\"color: #000000;\">Comuna lime\u00f1a se\u00f1ala que trabajos de este proyecto vial continuar\u00e1n paulatinamente<\/span><\/strong><\/p>\n<p><span style=\"color: #000000;\"><strong>Lima, 5 Noviembre 2024, (ANDINA).-<\/strong> Desde horas de la madrugada, personal de la Municipalidad Metropolitana de Lima (MML), junto con un importante contingente policial, intervino 1883 m\u00b2 de espacios p\u00fablicos en la intersecci\u00f3n de la avenida El Carmen y la calle Cohete, en Surco, que eran ocupados ilegalmente por dos centros de abastos.<\/span><\/p>\n<p><span style=\"color: #000000;\">Seg\u00fan inform\u00f3 la comuna metropolitana, la intervenci\u00f3n se llev\u00f3 a cabo en cumplimiento de la Ordenanza N.\u00b0 2660, que declara como emergencia y de inter\u00e9s metropolitano la intervenci\u00f3n de la V\u00eda Expresa Sur.<\/span><\/p>\n<p><span style=\"color: #000000;\">Asimismo, se indic\u00f3 que los vendedores de los mercados Charapita y Virgen del Carmen recibieron el aviso previamente para reubicar sus productos e infraestructuras de cada puesto.<\/span><\/p>\n<p><span style=\"color: #000000;\">\u201cFueron notificados hace aproximadamente dos semanas, se les dijo que el retiro iba a ser inmediato, pero por un tema social le hemos dado ese tiempo y hoy hemos venido a hacer respetar la ordenanza municipal\u201d, se\u00f1al\u00f3 Mariella Falla, gerente de Fiscalizaci\u00f3n y Control de la MML.<\/span><\/p>\n<p><span style=\"color: #000000;\">Tras brindar apoyo en el desmontaje y retiro de las pertenencias de los comerciantes que ocupaban estos espacios, con maquinaria pesada se procedi\u00f3 a demoler las construcciones de dichos mercados.<\/span><\/p>\n<p><span style=\"color: #000000;\">Del mismo modo, con personal especializado, se retiraron los cables el\u00e9ctricos para evitar situaciones de peligro, una vez desconectada la energ\u00eda se continu\u00f3 con el retiro de material.<\/span><\/p>\n<p><span style=\"color: #000000;\">Por otro lado, la MML se\u00f1al\u00f3 que los trabajos de este importante proyecto continuar\u00e1n desarroll\u00e1ndose de manera paulatina en los d\u00edas posteriores hasta concluir la recuperaci\u00f3n de los m\u00e1s de 5 kil\u00f3metros que comprende la megaobra de la V\u00eda Expresa Sur.<\/span><\/p>\n<p><span style=\"color: #000000;\">La V\u00eda Expresa Sur, un proyecto de infraestructura vial planificado desde hace medio siglo, apunta a mejorar la conectividad en Lima. Aunque ha atravesado m\u00faltiples gestiones sin completarse, se estima que estar\u00e1 listo entre 2026 y 2027.<\/span><\/p>\n<p><span style=\"color: #000000;\">Esta obra busca facilitar el tr\u00e1nsito de veh\u00edculos y optimizar la movilidad urbana en la capital, logrando que el trayecto entre San Juan de Miraflores y Carabayllo se reduzca a 45 minutos.<\/span><\/p>\n","protected":false},"excerpt":{"rendered":"<p>Comuna lime\u00f1a se\u00f1ala que trabajos de este proyecto vial continuar\u00e1n paulatinamente Lima, 5 Noviembre 2024, (ANDINA).- Desde horas de la madrugada, personal de la Municipalidad Metropolitana de Lima (MML), junto con un importante contingente policial, intervino 1883 m\u00b2 de espacios p\u00fablicos en la intersecci\u00f3n de la avenida El Carmen y la calle Cohete, en Surco, [&hellip;]<\/p>\n","protected":false},"author":1,"featured_media":127296,"comment_status":"closed","ping_status":"closed","sticky":false,"template":"","format":"standard","meta":{"rop_custom_images_group":[],"rop_custom_messages_group":[],"rop_publish_now":"initial","rop_publish_now_accounts":[],"rop_publish_now_history":[],"rop_publish_now_status":"pending","footnotes":""},"categories":[10],"tags":[122,3683],"class_list":["post-127295","post","type-post","status-publish","format-standard","has-post-thumbnail","hentry","category-actualidad-municipal","tag-municipalidad-de-lima","tag-santiago-de-surco"],"_links":{"self":[{"href":"https:\/\/elinformanteperu.com\/index.php\/wp-json\/wp\/v2\/posts\/127295","targetHints":{"allow":["GET"]}}],"collection":[{"href":"https:\/\/elinformanteperu.com\/index.php\/wp-json\/wp\/v2\/posts"}],"about":[{"href":"https:\/\/elinformanteperu.com\/index.php\/wp-json\/wp\/v2\/types\/post"}],"author":[{"embeddable":true,"href":"https:\/\/elinformanteperu.com\/index.php\/wp-json\/wp\/v2\/users\/1"}],"replies":[{"embeddable":true,"href":"https:\/\/elinformanteperu.com\/index.php\/wp-json\/wp\/v2\/comments?post=127295"}],"version-history":[{"count":1,"href":"https:\/\/elinformanteperu.com\/index.php\/wp-json\/wp\/v2\/posts\/127295\/revisions"}],"predecessor-version":[{"id":127297,"href":"https:\/\/elinformanteperu.com\/index.php\/wp-json\/wp\/v2\/posts\/127295\/revisions\/127297"}],"wp:featuredmedia":[{"embeddable":true,"href":"https:\/\/elinformanteperu.com\/index.php\/wp-json\/wp\/v2\/media\/127296"}],"wp:attachment":[{"href":"https:\/\/elinformanteperu.com\/index.php\/wp-json\/wp\/v2\/media?parent=127295"}],"wp:term":[{"taxonomy":"category","embeddable":true,"href":"https:\/\/elinformanteperu.com\/index.php\/wp-json\/wp\/v2\/categories?post=127295"},{"taxonomy":"post_tag","embeddable":true,"href":"https:\/\/elinformanteperu.com\/index.php\/wp-json\/wp\/v2\/tags?post=127295"}],"curies":[{"name":"wp","href":"https:\/\/api.w.org\/{rel}","templated":true}]}}