{"id":127090,"date":"2024-11-01T02:21:47","date_gmt":"2024-11-01T07:21:47","guid":{"rendered":"https:\/\/elinformanteperu.com\/?p=127090"},"modified":"2024-11-01T02:21:47","modified_gmt":"2024-11-01T07:21:47","slug":"congreso-establecen-nuevos-rangos-de-licencia-sin-goce-de-haber-periodo-de-cese-y-cts","status":"publish","type":"post","link":"https:\/\/elinformanteperu.com\/index.php\/2024\/11\/01\/congreso-establecen-nuevos-rangos-de-licencia-sin-goce-de-haber-periodo-de-cese-y-cts\/","title":{"rendered":"Congreso: establecen nuevos rangos de licencia sin goce de haber, per\u00edodo de cese y CTS"},"content":{"rendered":"<p><strong><span style=\"color: #000000;\">En el sector p\u00fablico<\/span><\/strong><\/p>\n<p><span style=\"color: #000000;\"><strong>Lima, 31 Octubre 2024, (ANDINA).-<\/strong> El Pleno del Congreso aprob\u00f3 en segunda votaci\u00f3n el dictamen que establece nuevos rangos para la licencia sin goce de haber, el periodo de cese y el c\u00e1lculo de la compensaci\u00f3n por tiempo de servicios (CTS).<\/span><\/p>\n<p><span style=\"color: #000000;\">El texto reca\u00eddo en los proyectos de ley 5880\/2023-CR y 6043\/2023-CR, que plantean modificar el Decreto Legislativo 276, Ley de bases de la carrera administrativa y de remuneraciones en el sector p\u00fablico, fue aprobado con 52 votos a favor, 20 en contra y 10 abstenciones.<\/span><\/p>\n<p><span style=\"color: #000000;\">La iniciativa legislativa se\u00f1ala que \u201clas licencias sin goce de haber pueden extenderse hasta por tres a\u00f1os continuos o discontinuos, contabilizadas dentro de un per\u00edodo de cinco a\u00f1os\u201d.<\/span><\/p>\n<p><span style=\"color: #000000;\">Adem\u00e1s, menciona como causas justificadas para el cese definitivo de un servidor, planteando que el \u201cl\u00edmite de edad de setenta a\u00f1os, pudiendo continuar en su puesto hasta el 31 de diciembre del a\u00f1o en que cumple el servidor dicha edad\u201d.<\/span><\/p>\n<p><span style=\"color: #000000;\">Tambi\u00e9n establece que \u201cse otorga al personal una compensaci\u00f3n por tiempo de servicios (CTS), al momento del cese por el importe del cien por ciento (100 %) de su remuneraci\u00f3n total o \u00edntegra, por cada a\u00f1o completo o fracci\u00f3n mayor de seis meses contados desde su ingreso hasta su fecha de cese\u201d.<\/span><\/p>\n<p><span style=\"color: #000000;\">Previo al voto y habi\u00e9ndose retirado una reconsideraci\u00f3n a la primera votaci\u00f3n por parte de la congresista Adriana Tudela Guti\u00e9rrez (Avanza Pa\u00eds), la presidenta de la Comisi\u00f3n de Trabajo y Seguridad Social, Edhit Jul\u00f3n Irigo\u00edn (APP), solicit\u00f3 se realice la segunda votaci\u00f3n del texto.<\/span><\/p>\n","protected":false},"excerpt":{"rendered":"<p>En el sector p\u00fablico Lima, 31 Octubre 2024, (ANDINA).- El Pleno del Congreso aprob\u00f3 en segunda votaci\u00f3n el dictamen que establece nuevos rangos para la licencia sin goce de haber, el periodo de cese y el c\u00e1lculo de la compensaci\u00f3n por tiempo de servicios (CTS). El texto reca\u00eddo en los proyectos de ley 5880\/2023-CR y [&hellip;]<\/p>\n","protected":false},"author":1,"featured_media":20359,"comment_status":"closed","ping_status":"closed","sticky":false,"template":"","format":"standard","meta":{"rop_custom_images_group":[],"rop_custom_messages_group":[],"rop_publish_now":"initial","rop_publish_now_accounts":[],"rop_publish_now_history":[],"rop_publish_now_status":"pending","footnotes":""},"categories":[5],"tags":[192],"class_list":["post-127090","post","type-post","status-publish","format-standard","has-post-thumbnail","hentry","category-actualidad-informativa","tag-congreso"],"_links":{"self":[{"href":"https:\/\/elinformanteperu.com\/index.php\/wp-json\/wp\/v2\/posts\/127090","targetHints":{"allow":["GET"]}}],"collection":[{"href":"https:\/\/elinformanteperu.com\/index.php\/wp-json\/wp\/v2\/posts"}],"about":[{"href":"https:\/\/elinformanteperu.com\/index.php\/wp-json\/wp\/v2\/types\/post"}],"author":[{"embeddable":true,"href":"https:\/\/elinformanteperu.com\/index.php\/wp-json\/wp\/v2\/users\/1"}],"replies":[{"embeddable":true,"href":"https:\/\/elinformanteperu.com\/index.php\/wp-json\/wp\/v2\/comments?post=127090"}],"version-history":[{"count":1,"href":"https:\/\/elinformanteperu.com\/index.php\/wp-json\/wp\/v2\/posts\/127090\/revisions"}],"predecessor-version":[{"id":127091,"href":"https:\/\/elinformanteperu.com\/index.php\/wp-json\/wp\/v2\/posts\/127090\/revisions\/127091"}],"wp:featuredmedia":[{"embeddable":true,"href":"https:\/\/elinformanteperu.com\/index.php\/wp-json\/wp\/v2\/media\/20359"}],"wp:attachment":[{"href":"https:\/\/elinformanteperu.com\/index.php\/wp-json\/wp\/v2\/media?parent=127090"}],"wp:term":[{"taxonomy":"category","embeddable":true,"href":"https:\/\/elinformanteperu.com\/index.php\/wp-json\/wp\/v2\/categories?post=127090"},{"taxonomy":"post_tag","embeddable":true,"href":"https:\/\/elinformanteperu.com\/index.php\/wp-json\/wp\/v2\/tags?post=127090"}],"curies":[{"name":"wp","href":"https:\/\/api.w.org\/{rel}","templated":true}]}}