{"id":127087,"date":"2024-11-01T02:19:13","date_gmt":"2024-11-01T07:19:13","guid":{"rendered":"https:\/\/elinformanteperu.com\/?p=127087"},"modified":"2024-11-01T02:19:13","modified_gmt":"2024-11-01T07:19:13","slug":"poder-judicial-declaro-la-ilegalidad-de-partido-politico-a-n-t-a-u-r-o","status":"publish","type":"post","link":"https:\/\/elinformanteperu.com\/index.php\/2024\/11\/01\/poder-judicial-declaro-la-ilegalidad-de-partido-politico-a-n-t-a-u-r-o\/","title":{"rendered":"Poder Judicial declar\u00f3 la ilegalidad de partido pol\u00edtico A. N. T. A. U. R. O."},"content":{"rendered":"<p><strong><span style=\"color: #000000;\">Se cancelar\u00e1 su inscripci\u00f3n en el ROP<\/span><\/strong><\/p>\n<p><span style=\"color: #000000;\"><strong>Lima, 31 Octubre 2024, (ANDINA).-<\/strong> La Sala de Derecho Constitucional y Social Permanente de la Corte Suprema de Justicia declar\u00f3 fundada en parte la solicitud de la Fiscal\u00eda de la Naci\u00f3n y declar\u00f3 la ilegalidad de la organizaci\u00f3n pol\u00edtica Alianza Nacional de Trabajadores, Agricultores, Universitarios, Reservistas y Obreros (A. N. T. A. U. R. O.)<\/span><\/p>\n<p><span style=\"color: #000000;\">El tribunal precis\u00f3 que una vez que quede firme la decisi\u00f3n, esta tendr\u00e1 los siguientes efectos: la cancelaci\u00f3n de la inscripci\u00f3n de la referida organizaci\u00f3n pol\u00edtica, el cierre de sus locales partidarios y la imposibilidad de su reinscripci\u00f3n en el Registro de Organizaciones Pol\u00edticas (ROP) u otro registro.<\/span><\/p>\n<p><span style=\"color: #000000;\">Asimismo, declar\u00f3 improcedente el pedido para que se declare la inhabilitaci\u00f3n (como sanci\u00f3n jurisdiccional de car\u00e1cter pol\u00edtico) a los ciudadanos que integran la cadena de mando responsables, por la conducta antidemocr\u00e1tica cometida por la organizaci\u00f3n demandada.<\/span><\/p>\n<p><span style=\"color: #000000;\">La decisi\u00f3n fue adoptada, por mayor\u00eda, por los integrantes de la Sala de Derecho Constitucional y Social Permanente de la Corte Suprema de Justicia.<\/span><\/p>\n<p><span style=\"color: #000000;\">El pasado 31 de julio, la Fiscal\u00eda de la Naci\u00f3n, a trav\u00e9s del \u00c1rea de Enriquecimiento Il\u00edcito y Denuncias Constitucionales, present\u00f3 ante la Presidencia de la Corte Suprema de Justicia de la Rep\u00fablica, la demanda para solicitar que se declare la ilegalidad de la organizaci\u00f3n pol\u00edtica A.N.T.A.U.R.O.<\/span><\/p>\n<p><span style=\"color: #000000;\">El recurso se plante\u00f3 conforme a lo establecido en el Art. 14 de la Ley n.\u00b0 28094, Ley de Organizaciones Pol\u00edticas, por considerar que sus actividades son contrarias a los principios democr\u00e1ticos y vulneran sistem\u00e1ticamente las libertades y derechos fundamentales \u00abpromoviendo atentados contra la vida e integridad de las personas (expresidentes) y la exclusi\u00f3n o persecuci\u00f3n de personas por cualquier raz\u00f3n (comunidad LGTBIQ+ e inmigrantes)\u00bb.<\/span><\/p>\n<p><span style=\"color: #000000;\">La Alianza Nacional de Trabajadores, Agricultores, Universitarios, Reservistas y Obreros (A.N.T.A.U.R.O) logr\u00f3 su inscripci\u00f3n en el ROP en diciembre del 2023, luego de superar una tacha su contra. De esta forma, el partido pol\u00edtico, cuyas iniciales forman el nombre del militar en retiro y l\u00edder del etnocacerismo Antauro Humala, quedaba habilitada para participar en las pr\u00f3ximas elecciones generales.<\/span><\/p>\n<p><a href=\"https:\/\/elinformanteperu.com\/wp-content\/uploads\/2024\/11\/ANTAURO-CANCELADA.jpg\"><img fetchpriority=\"high\" decoding=\"async\" class=\"size-large wp-image-127088 aligncenter\" src=\"https:\/\/elinformanteperu.com\/wp-content\/uploads\/2024\/11\/ANTAURO-CANCELADA-1024x683.jpg\" alt=\"\" width=\"615\" height=\"410\" srcset=\"https:\/\/elinformanteperu.com\/wp-content\/uploads\/2024\/11\/ANTAURO-CANCELADA-1024x683.jpg 1024w, https:\/\/elinformanteperu.com\/wp-content\/uploads\/2024\/11\/ANTAURO-CANCELADA-300x200.jpg 300w, https:\/\/elinformanteperu.com\/wp-content\/uploads\/2024\/11\/ANTAURO-CANCELADA-768x512.jpg 768w, https:\/\/elinformanteperu.com\/wp-content\/uploads\/2024\/11\/ANTAURO-CANCELADA-1536x1025.jpg 1536w, https:\/\/elinformanteperu.com\/wp-content\/uploads\/2024\/11\/ANTAURO-CANCELADA.jpg 1800w\" sizes=\"(max-width: 615px) 100vw, 615px\" \/><\/a><\/p>\n","protected":false},"excerpt":{"rendered":"<p>Se cancelar\u00e1 su inscripci\u00f3n en el ROP Lima, 31 Octubre 2024, (ANDINA).- La Sala de Derecho Constitucional y Social Permanente de la Corte Suprema de Justicia declar\u00f3 fundada en parte la solicitud de la Fiscal\u00eda de la Naci\u00f3n y declar\u00f3 la ilegalidad de la organizaci\u00f3n pol\u00edtica Alianza Nacional de Trabajadores, Agricultores, Universitarios, Reservistas y Obreros [&hellip;]<\/p>\n","protected":false},"author":1,"featured_media":110231,"comment_status":"closed","ping_status":"closed","sticky":false,"template":"","format":"standard","meta":{"rop_custom_images_group":[],"rop_custom_messages_group":[],"rop_publish_now":"initial","rop_publish_now_accounts":[],"rop_publish_now_history":[],"rop_publish_now_status":"pending","footnotes":""},"categories":[5],"tags":[3965,163],"class_list":["post-127087","post","type-post","status-publish","format-standard","has-post-thumbnail","hentry","category-actualidad-informativa","tag-antauro-humala","tag-poder-judicial"],"_links":{"self":[{"href":"https:\/\/elinformanteperu.com\/index.php\/wp-json\/wp\/v2\/posts\/127087","targetHints":{"allow":["GET"]}}],"collection":[{"href":"https:\/\/elinformanteperu.com\/index.php\/wp-json\/wp\/v2\/posts"}],"about":[{"href":"https:\/\/elinformanteperu.com\/index.php\/wp-json\/wp\/v2\/types\/post"}],"author":[{"embeddable":true,"href":"https:\/\/elinformanteperu.com\/index.php\/wp-json\/wp\/v2\/users\/1"}],"replies":[{"embeddable":true,"href":"https:\/\/elinformanteperu.com\/index.php\/wp-json\/wp\/v2\/comments?post=127087"}],"version-history":[{"count":1,"href":"https:\/\/elinformanteperu.com\/index.php\/wp-json\/wp\/v2\/posts\/127087\/revisions"}],"predecessor-version":[{"id":127089,"href":"https:\/\/elinformanteperu.com\/index.php\/wp-json\/wp\/v2\/posts\/127087\/revisions\/127089"}],"wp:featuredmedia":[{"embeddable":true,"href":"https:\/\/elinformanteperu.com\/index.php\/wp-json\/wp\/v2\/media\/110231"}],"wp:attachment":[{"href":"https:\/\/elinformanteperu.com\/index.php\/wp-json\/wp\/v2\/media?parent=127087"}],"wp:term":[{"taxonomy":"category","embeddable":true,"href":"https:\/\/elinformanteperu.com\/index.php\/wp-json\/wp\/v2\/categories?post=127087"},{"taxonomy":"post_tag","embeddable":true,"href":"https:\/\/elinformanteperu.com\/index.php\/wp-json\/wp\/v2\/tags?post=127087"}],"curies":[{"name":"wp","href":"https:\/\/api.w.org\/{rel}","templated":true}]}}