{"id":127084,"date":"2024-11-01T02:15:55","date_gmt":"2024-11-01T07:15:55","guid":{"rendered":"https:\/\/elinformanteperu.com\/?p=127084"},"modified":"2024-11-01T02:15:55","modified_gmt":"2024-11-01T07:15:55","slug":"congreso-archiva-iniciativa-para-sancionar-a-jueces-y-fiscales-por-liberar-a-delincuentes","status":"publish","type":"post","link":"https:\/\/elinformanteperu.com\/index.php\/2024\/11\/01\/congreso-archiva-iniciativa-para-sancionar-a-jueces-y-fiscales-por-liberar-a-delincuentes\/","title":{"rendered":"Congreso archiva iniciativa para sancionar a jueces y fiscales por liberar a delincuentes"},"content":{"rendered":"<p><strong><span style=\"color: #000000;\">Detenidos en flagrancia por la Polic\u00eda Nacional del Per\u00fa<\/span><\/strong><\/p>\n<p><span style=\"color: #000000;\"><strong>Lima, 31 Octubre 2024, (ANDINA).-<\/strong> El pleno del Congreso mand\u00f3 al archivo el proyecto de ley para sancionar a fiscales y jueces que dejen en libertad a detenidos en flagrancia. La iniciativa legislativa no alcanz\u00f3 los votos necesarios para ser aprobada en segunda votaci\u00f3n.<\/span><\/p>\n<p><span style=\"color: #000000;\">Fueron 60 votos a favor de aprobar la propuesta legislativa, 19 en contra y una abstenci\u00f3n. En la primera votaci\u00f3n, realizada el pasado 11 de octubre, alcanz\u00f3 86 votos a favor, 20 en contra y 2 abstenciones.<\/span><\/p>\n<p><span style=\"color: #000000;\">El texto sustitutorio del dictamen de los PL 8507 y 8959, propon\u00eda modificar la Ley 30483, Ley de la Carrera Fiscal; la Ley 29277, Ley de la Carrera Judicial; el Nuevo C\u00f3digo Procesal Penal, Decreto Legislativo 957; y el C\u00f3digo Penal, Decreto Legislativo 635, para optimizar la administraci\u00f3n de justicia en la lucha contra la criminalidad organizada.<\/span><\/p>\n<p><span style=\"color: #000000;\">La propuesta modificaba el art\u00edculo 47 de la Ley de Carrera Fiscal a fin de establecer como faltas muy graves de los representantes del Ministerio P\u00fablico:<\/span><\/p>\n<p><span style=\"color: #000000;\">\u201cDisponer, omitiendo sus deberes funcionales, la libertad de personas detenidas en flagrancia por la Polic\u00eda Nacional del Per\u00fa o de personas bajo arresto ciudadano por la comisi\u00f3n de delitos cuya pena privativa de libertad es mayor de cinco a\u00f1os\u201d.<\/span><\/p>\n<p><span style=\"color: #000000;\">Asimismo, se consideraba falta muy grave cuando el fiscal no formula el requerimiento de prisi\u00f3n preventiva para las personas detenidas en flagrancia por la Polic\u00eda Nacional o detenidas por arresto ciudadano por la comisi\u00f3n de delitos cuya pena privativa es mayor de 5 a\u00f1os, pese a que contaron con los elementos de convicci\u00f3n suficientes u omitiendo pruebas para que el juez declare infundado el requerimiento.<\/span><\/p>\n<p><span style=\"color: #000000;\">\u201cEmitir resoluciones, disposiciones, providencias, dict\u00e1menes o requerimientos en contravenci\u00f3n a los eximentes de responsabilidad penal consignados en los numerales 3 y 11 del art\u00edculo 20 del C\u00f3digo Penal, Decreto Legislativo 635, o en contravenci\u00f3n del art\u00edculo 268 del Nuevo C\u00f3digo Procesal Penal, Decreto Legislativo 957\u201d, se\u00f1alaba.<\/span><\/p>\n<p><span style=\"color: #000000;\">La propuesta tambi\u00e9n modificaba el art\u00edculo 48 de la Ley de la Carrera Judicial, que refiere como faltas muy graves cometida por los jueces:<\/span><\/p>\n<p><span style=\"color: #000000;\">\u201cOrdenar, omitiendo sus deberes funcionales, la libertad de personas detenidas en flagrancia por la Polic\u00eda Nacional del Per\u00fa o detenidas bajo arresto ciudadano por la comisi\u00f3n de delitos cuya pena privativa de libertad es mayor de cinco a\u00f1os\u201d.<\/span><\/p>\n<p><span style=\"color: #000000;\">La iniciativa tambi\u00e9n modificaba el C\u00f3digo Penal en lo referido al delito de prevaricato.<\/span><\/p>\n<p><span style=\"color: #000000;\">\u201cEl fiscal o juez que incumpliendo dolosamente sus deberes funcionales ordena o dispone la libertad de una persona detenida en flagrancia por la Polic\u00eda Nacional del Per\u00fa o detenida por arresto ciudadano por la comisi\u00f3n de delitos cuya pena privativa de libertad es mayor de cinco a\u00f1os, es reprimido con pena privativa de libertad no menor de ocho ni mayor de doce a\u00f1os\u201d, se\u00f1alaba.<\/span><\/p>\n","protected":false},"excerpt":{"rendered":"<p>Detenidos en flagrancia por la Polic\u00eda Nacional del Per\u00fa Lima, 31 Octubre 2024, (ANDINA).- El pleno del Congreso mand\u00f3 al archivo el proyecto de ley para sancionar a fiscales y jueces que dejen en libertad a detenidos en flagrancia. La iniciativa legislativa no alcanz\u00f3 los votos necesarios para ser aprobada en segunda votaci\u00f3n. Fueron 60 [&hellip;]<\/p>\n","protected":false},"author":1,"featured_media":127085,"comment_status":"closed","ping_status":"closed","sticky":false,"template":"","format":"standard","meta":{"rop_custom_images_group":[],"rop_custom_messages_group":[],"rop_publish_now":"initial","rop_publish_now_accounts":[],"rop_publish_now_history":[],"rop_publish_now_status":"pending","footnotes":""},"categories":[5],"tags":[192],"class_list":["post-127084","post","type-post","status-publish","format-standard","has-post-thumbnail","hentry","category-actualidad-informativa","tag-congreso"],"_links":{"self":[{"href":"https:\/\/elinformanteperu.com\/index.php\/wp-json\/wp\/v2\/posts\/127084","targetHints":{"allow":["GET"]}}],"collection":[{"href":"https:\/\/elinformanteperu.com\/index.php\/wp-json\/wp\/v2\/posts"}],"about":[{"href":"https:\/\/elinformanteperu.com\/index.php\/wp-json\/wp\/v2\/types\/post"}],"author":[{"embeddable":true,"href":"https:\/\/elinformanteperu.com\/index.php\/wp-json\/wp\/v2\/users\/1"}],"replies":[{"embeddable":true,"href":"https:\/\/elinformanteperu.com\/index.php\/wp-json\/wp\/v2\/comments?post=127084"}],"version-history":[{"count":1,"href":"https:\/\/elinformanteperu.com\/index.php\/wp-json\/wp\/v2\/posts\/127084\/revisions"}],"predecessor-version":[{"id":127086,"href":"https:\/\/elinformanteperu.com\/index.php\/wp-json\/wp\/v2\/posts\/127084\/revisions\/127086"}],"wp:featuredmedia":[{"embeddable":true,"href":"https:\/\/elinformanteperu.com\/index.php\/wp-json\/wp\/v2\/media\/127085"}],"wp:attachment":[{"href":"https:\/\/elinformanteperu.com\/index.php\/wp-json\/wp\/v2\/media?parent=127084"}],"wp:term":[{"taxonomy":"category","embeddable":true,"href":"https:\/\/elinformanteperu.com\/index.php\/wp-json\/wp\/v2\/categories?post=127084"},{"taxonomy":"post_tag","embeddable":true,"href":"https:\/\/elinformanteperu.com\/index.php\/wp-json\/wp\/v2\/tags?post=127084"}],"curies":[{"name":"wp","href":"https:\/\/api.w.org\/{rel}","templated":true}]}}