{"id":127080,"date":"2024-11-01T02:10:45","date_gmt":"2024-11-01T07:10:45","guid":{"rendered":"https:\/\/elinformanteperu.com\/?p=127080"},"modified":"2024-11-01T02:10:45","modified_gmt":"2024-11-01T07:10:45","slug":"poder-judicial-apartan-a-abogado-de-vladimir-cerron-y-le-designan-un-defensor-de-oficio","status":"publish","type":"post","link":"https:\/\/elinformanteperu.com\/index.php\/2024\/11\/01\/poder-judicial-apartan-a-abogado-de-vladimir-cerron-y-le-designan-un-defensor-de-oficio\/","title":{"rendered":"Poder Judicial: Apartan a abogado de Vladimir Cerr\u00f3n y le designan un defensor de oficio"},"content":{"rendered":"<p><strong><span style=\"color: #000000;\">En proceso por colusi\u00f3n agravada<\/span><\/strong><\/p>\n<p><span style=\"color: #000000;\"><strong>Lima, 31 Octubre 2024, (ANDINA).-<\/strong> El S\u00e9ptimo Juzgado de Investigaci\u00f3n Preparatoria Nacional dispuso apartar al abogado del secretario general de Per\u00fa Libre, Vladimir Cerr\u00f3n, de la causa que se le sigue por el presunto delito de colusi\u00f3n agravada. Adem\u00e1s, se le design\u00f3 una abogada de oficio.<\/span><\/p>\n<p><span style=\"color: #000000;\">La audiencia de variaci\u00f3n de medidas limitativas dictadas contra Cerr\u00f3n estaba prevista para hoy jueves, de acuerdo con la agenda de la instituci\u00f3n.<\/span><\/p>\n<p><span style=\"color: #000000;\">Sin embargo, el abogado de Vladimir Cerr\u00f3n no se present\u00f3 a la citada audiencia, por lo que el juez Jorge Ch\u00e1vez Tamariz, del S\u00e9ptimo Juzgado, comunic\u00f3 su apartamiento del tr\u00e1mite de la causa por esta conducta, que fue considerada como presuntamente dilatoria.<\/span><\/p>\n<p><span style=\"color: #000000;\">El magistrado dispuso que esta causa est\u00e9 a cargo de la abogada Margot Cusihuam\u00e1n Tineo, de la Defensa P\u00fablica.<\/span><\/p>\n<p><span style=\"color: #000000;\">\u00abAdem\u00e1s, reprogram\u00f3 la audiencia para el jueves 7 de noviembre a las 9:00 horas, a fin de que la letrada pueda preparar su defensa\u00bb, inform\u00f3 el Poder Judicial a trav\u00e9s de X.<\/span><\/p>\n<p><span style=\"color: #000000;\">Por \u00faltimo, Ch\u00e1vez Tamariz indic\u00f3 que remitir\u00e1 un oficio al Colegio de Abogados para que esta instancia tome las medidas pertinentes respecto a la presunta actuaci\u00f3n dilatoria del letrado.<\/span><\/p>\n<p><span style=\"color: #000000;\">El pasado 7 de octubre, el exgobernador regional de Jun\u00edn Vladimir Cerr\u00f3n cumpli\u00f3 un a\u00f1o como pr\u00f3fugo de la justicia. En octubre de 2023 fue condenado a 3 a\u00f1os y 6 meses de prisi\u00f3n efectiva por el delito de colusi\u00f3n, ante las irregularidades detectadas en su gesti\u00f3n al frente de dicha instancia regional.<\/span><\/p>\n","protected":false},"excerpt":{"rendered":"<p>En proceso por colusi\u00f3n agravada Lima, 31 Octubre 2024, (ANDINA).- El S\u00e9ptimo Juzgado de Investigaci\u00f3n Preparatoria Nacional dispuso apartar al abogado del secretario general de Per\u00fa Libre, Vladimir Cerr\u00f3n, de la causa que se le sigue por el presunto delito de colusi\u00f3n agravada. Adem\u00e1s, se le design\u00f3 una abogada de oficio. La audiencia de variaci\u00f3n [&hellip;]<\/p>\n","protected":false},"author":1,"featured_media":112612,"comment_status":"closed","ping_status":"closed","sticky":false,"template":"","format":"standard","meta":{"rop_custom_images_group":[],"rop_custom_messages_group":[],"rop_publish_now":"initial","rop_publish_now_accounts":[],"rop_publish_now_history":[],"rop_publish_now_status":"pending","footnotes":""},"categories":[5],"tags":[163,4743],"class_list":["post-127080","post","type-post","status-publish","format-standard","has-post-thumbnail","hentry","category-actualidad-informativa","tag-poder-judicial","tag-vladimir-cerron"],"_links":{"self":[{"href":"https:\/\/elinformanteperu.com\/index.php\/wp-json\/wp\/v2\/posts\/127080","targetHints":{"allow":["GET"]}}],"collection":[{"href":"https:\/\/elinformanteperu.com\/index.php\/wp-json\/wp\/v2\/posts"}],"about":[{"href":"https:\/\/elinformanteperu.com\/index.php\/wp-json\/wp\/v2\/types\/post"}],"author":[{"embeddable":true,"href":"https:\/\/elinformanteperu.com\/index.php\/wp-json\/wp\/v2\/users\/1"}],"replies":[{"embeddable":true,"href":"https:\/\/elinformanteperu.com\/index.php\/wp-json\/wp\/v2\/comments?post=127080"}],"version-history":[{"count":1,"href":"https:\/\/elinformanteperu.com\/index.php\/wp-json\/wp\/v2\/posts\/127080\/revisions"}],"predecessor-version":[{"id":127081,"href":"https:\/\/elinformanteperu.com\/index.php\/wp-json\/wp\/v2\/posts\/127080\/revisions\/127081"}],"wp:featuredmedia":[{"embeddable":true,"href":"https:\/\/elinformanteperu.com\/index.php\/wp-json\/wp\/v2\/media\/112612"}],"wp:attachment":[{"href":"https:\/\/elinformanteperu.com\/index.php\/wp-json\/wp\/v2\/media?parent=127080"}],"wp:term":[{"taxonomy":"category","embeddable":true,"href":"https:\/\/elinformanteperu.com\/index.php\/wp-json\/wp\/v2\/categories?post=127080"},{"taxonomy":"post_tag","embeddable":true,"href":"https:\/\/elinformanteperu.com\/index.php\/wp-json\/wp\/v2\/tags?post=127080"}],"curies":[{"name":"wp","href":"https:\/\/api.w.org\/{rel}","templated":true}]}}