{"id":127074,"date":"2024-11-01T02:04:45","date_gmt":"2024-11-01T07:04:45","guid":{"rendered":"https:\/\/elinformanteperu.com\/?p=127074"},"modified":"2024-11-01T02:04:45","modified_gmt":"2024-11-01T07:04:45","slug":"normas-legales-mp-oficializa-nombramiento-de-nueva-fiscal-de-la-nacion","status":"publish","type":"post","link":"https:\/\/elinformanteperu.com\/index.php\/2024\/11\/01\/normas-legales-mp-oficializa-nombramiento-de-nueva-fiscal-de-la-nacion\/","title":{"rendered":"Normas legales: MP oficializa nombramiento de nueva fiscal de la Naci\u00f3n"},"content":{"rendered":"<p><span style=\"color: #000000;\"><strong>Lima, 31 Octubre 2024, (ANDINA).-<\/strong> La presidencia de la Junta de Fiscales Supremos oficializ\u00f3 la elecci\u00f3n de la fiscal suprema titular Delia Espinoza Valenzuela como fiscal de la Naci\u00f3n.<\/span><\/p>\n<p><span style=\"color: #000000;\">Mediante la Resoluci\u00f3n 058-2024-MP-FN-JFS, publicada hoy en la separata Normas Legales del Diario Oficial El Peruano se establece dicho nombramiento.<\/span><\/p>\n<p><span style=\"color: #000000;\">Se indica que este se desarrollar\u00e1 durante un per\u00edodo de tres a\u00f1os, hasta el 2027.<\/span><\/p>\n<p><span style=\"color: #000000;\">Espinoza se desempe\u00f1a como titular de la Fiscal\u00eda Suprema Especializada en Delitos Cometidos por Funcionarios P\u00fablicos.<\/span><\/p>\n<p><strong><span style=\"color: #000000;\">Antecedente<\/span><\/strong><\/p>\n<p><span style=\"color: #000000;\">Su nombramiento se da a ra\u00edz de la sanci\u00f3n de destituci\u00f3n aplicada por la Junta Nacional de Justicia a la anterior fiscal de la Naci\u00f3n, Patricia Benavides Vargas.<\/span><\/p>\n<p><span style=\"color: #000000;\">El 18 de octubre, la Junta de Fiscales Supremos realiz\u00f3 un proceso de elecci\u00f3n para reemplazar a Benavides como fiscal de la Naci\u00f3n. La votaci\u00f3n fue secreta, seg\u00fan se especifica.<\/span><\/p>\n<p><a href=\"https:\/\/elinformanteperu.com\/wp-content\/uploads\/2019\/01\/ministerio-publico-fachada4.jpg\"><img fetchpriority=\"high\" decoding=\"async\" class=\"size-large wp-image-40977 aligncenter\" src=\"https:\/\/elinformanteperu.com\/wp-content\/uploads\/2019\/01\/ministerio-publico-fachada4-1024x683.jpg\" alt=\"\" width=\"615\" height=\"410\" srcset=\"https:\/\/elinformanteperu.com\/wp-content\/uploads\/2019\/01\/ministerio-publico-fachada4-1024x683.jpg 1024w, https:\/\/elinformanteperu.com\/wp-content\/uploads\/2019\/01\/ministerio-publico-fachada4-300x200.jpg 300w, https:\/\/elinformanteperu.com\/wp-content\/uploads\/2019\/01\/ministerio-publico-fachada4-768x512.jpg 768w, https:\/\/elinformanteperu.com\/wp-content\/uploads\/2019\/01\/ministerio-publico-fachada4-128x85.jpg 128w, https:\/\/elinformanteperu.com\/wp-content\/uploads\/2019\/01\/ministerio-publico-fachada4-32x21.jpg 32w, https:\/\/elinformanteperu.com\/wp-content\/uploads\/2019\/01\/ministerio-publico-fachada4.jpg 1800w\" sizes=\"(max-width: 615px) 100vw, 615px\" \/><\/a><\/p>\n","protected":false},"excerpt":{"rendered":"<p>Lima, 31 Octubre 2024, (ANDINA).- La presidencia de la Junta de Fiscales Supremos oficializ\u00f3 la elecci\u00f3n de la fiscal suprema titular Delia Espinoza Valenzuela como fiscal de la Naci\u00f3n. Mediante la Resoluci\u00f3n 058-2024-MP-FN-JFS, publicada hoy en la separata Normas Legales del Diario Oficial El Peruano se establece dicho nombramiento. Se indica que este se desarrollar\u00e1 [&hellip;]<\/p>\n","protected":false},"author":1,"featured_media":127075,"comment_status":"closed","ping_status":"closed","sticky":false,"template":"","format":"standard","meta":{"rop_custom_images_group":[],"rop_custom_messages_group":[],"rop_publish_now":"initial","rop_publish_now_accounts":[],"rop_publish_now_history":[],"rop_publish_now_status":"pending","footnotes":""},"categories":[5],"tags":[7785,371,430],"class_list":["post-127074","post","type-post","status-publish","format-standard","has-post-thumbnail","hentry","category-actualidad-informativa","tag-delia-espinoza","tag-fiscal-de-la-nacion","tag-fiscalia"],"_links":{"self":[{"href":"https:\/\/elinformanteperu.com\/index.php\/wp-json\/wp\/v2\/posts\/127074","targetHints":{"allow":["GET"]}}],"collection":[{"href":"https:\/\/elinformanteperu.com\/index.php\/wp-json\/wp\/v2\/posts"}],"about":[{"href":"https:\/\/elinformanteperu.com\/index.php\/wp-json\/wp\/v2\/types\/post"}],"author":[{"embeddable":true,"href":"https:\/\/elinformanteperu.com\/index.php\/wp-json\/wp\/v2\/users\/1"}],"replies":[{"embeddable":true,"href":"https:\/\/elinformanteperu.com\/index.php\/wp-json\/wp\/v2\/comments?post=127074"}],"version-history":[{"count":1,"href":"https:\/\/elinformanteperu.com\/index.php\/wp-json\/wp\/v2\/posts\/127074\/revisions"}],"predecessor-version":[{"id":127076,"href":"https:\/\/elinformanteperu.com\/index.php\/wp-json\/wp\/v2\/posts\/127074\/revisions\/127076"}],"wp:featuredmedia":[{"embeddable":true,"href":"https:\/\/elinformanteperu.com\/index.php\/wp-json\/wp\/v2\/media\/127075"}],"wp:attachment":[{"href":"https:\/\/elinformanteperu.com\/index.php\/wp-json\/wp\/v2\/media?parent=127074"}],"wp:term":[{"taxonomy":"category","embeddable":true,"href":"https:\/\/elinformanteperu.com\/index.php\/wp-json\/wp\/v2\/categories?post=127074"},{"taxonomy":"post_tag","embeddable":true,"href":"https:\/\/elinformanteperu.com\/index.php\/wp-json\/wp\/v2\/tags?post=127074"}],"curies":[{"name":"wp","href":"https:\/\/api.w.org\/{rel}","templated":true}]}}