{"id":12698,"date":"2017-07-08T00:02:38","date_gmt":"2017-07-08T05:02:38","guid":{"rendered":"http:\/\/elinformanteperu.com\/?p=12698"},"modified":"2017-07-08T00:02:38","modified_gmt":"2017-07-08T05:02:38","slug":"gabinete-binacional-bachelet-asegura-que-tendra-resultados-concretos","status":"publish","type":"post","link":"https:\/\/elinformanteperu.com\/index.php\/2017\/07\/08\/gabinete-binacional-bachelet-asegura-que-tendra-resultados-concretos\/","title":{"rendered":"Gabinete binacional: Bachelet asegura que tendr\u00e1 resultados concretos"},"content":{"rendered":"<p><strong><span style=\"color: #000000;\">La presidenta de Chile, Michelle Bachelet, asegur\u00f3 que el I Gabinete Binacional Per\u00fa-Chile tendr\u00e1 resultados concretos, dado que se han identificado ejes para la integraci\u00f3n.<\/span><\/strong><\/p>\n<p><span style=\"color: #000000;\"><strong>Lima, 07 Julio 2017, (ANDINA).-<\/strong> La presidenta de Chile, Michelle Bachelet, asegur\u00f3 que el I Gabinete Binacional Per\u00fa-Chile tendr\u00e1 resultados concretos, dado que se han identificado ejes para la integraci\u00f3n y planes para mejorar la vida de los ciudadanos.<\/span><\/p>\n<p><span style=\"color: #000000;\">Durante la inauguraci\u00f3n de este encuentro, que se realiza en el sal\u00f3n T\u00fapac Amaru del Palacio de Gobierno, dijo que para ella es una enorme alegr\u00eda compartir esta reuni\u00f3n, que fue definida con el presidente Kuczynski en la visita que hizo a Chile, en noviembre pasado.<\/span><\/p>\n<p><span style=\"color: #000000;\">\u00abEso nos ha permitido aportar no solo para estar en este momento hist\u00f3rico, como es este primer gabinete binacional, sino porque ser\u00e1 un gabinete que tendr\u00e1 resultados concretos. No van a ser palabras, sino hechos\u201d, afirm\u00f3.<\/span><\/p>\n<p><span style=\"color: #000000;\">Sostuvo que se han identificado ejes estrat\u00e9gicos de cooperaci\u00f3n, integraci\u00f3n, amistad y desarrollo entre las dos naciones, y un plan de acci\u00f3n con un conjunto importante de proyectos que permitir\u00e1 mejorar la cooperaci\u00f3n, la integraci\u00f3n y la vida de los ciudadanos.<\/span><\/p>\n<p><span style=\"color: #000000;\">\u201cCon el Per\u00fa estamos en la Alianza del Pac\u00edfico, la Celac, Unasur, APEC, en varias instancias multinacionales; creemos que hemos avanzado mucho en ese sentido\u201d, apunt\u00f3.<\/span><\/p>\n<p><span style=\"color: #000000;\">La mandataria chilena destac\u00f3 tambi\u00e9n que esta reuni\u00f3n conjunta, y todo lo que venga despu\u00e9s, ser\u00e1 muy importante para ambos pa\u00edses.<\/span><\/p>\n<p><span style=\"color: #000000;\">Refiri\u00f3 que ayer junto con el presidente Pedro Pablo Kuczynski se reunieron con los consejos empresariales de Per\u00fa y de Chile, que expusieron proyectos claves en energ\u00eda y transporte los cuales ser\u00e1n parte de la discusi\u00f3n.<\/span><\/p>\n<p><span style=\"color: #000000;\">\u201cTendremos una reuni\u00f3n extremadamente positiva, hist\u00f3rica y fruct\u00edfera, y podremos mostrar a los ciudadanos lo que hemos hecho\u201d.<\/span><\/p>\n<p><span style=\"color: #000000;\">Por \u00faltimo, Bachelet agradeci\u00f3 la hospitalidad con que ha sido recibida en Lima, \u201cla Ciudad de los Reyes\u201d, y dijo estar segura de que se har\u00e1 un excelente trabajo.<\/span><\/p>\n","protected":false},"excerpt":{"rendered":"<p>La presidenta de Chile, Michelle Bachelet, asegur\u00f3 que el I Gabinete Binacional Per\u00fa-Chile tendr\u00e1 resultados concretos, dado que se han identificado ejes para la integraci\u00f3n. Lima, 07 Julio 2017, (ANDINA).- La presidenta de Chile, Michelle Bachelet, asegur\u00f3 que el I Gabinete Binacional Per\u00fa-Chile tendr\u00e1 resultados concretos, dado que se han identificado ejes para la integraci\u00f3n [&hellip;]<\/p>\n","protected":false},"author":1,"featured_media":12699,"comment_status":"open","ping_status":"open","sticky":false,"template":"","format":"standard","meta":{"rop_custom_images_group":[],"rop_custom_messages_group":[],"rop_publish_now":"initial","rop_publish_now_accounts":[],"rop_publish_now_history":[],"rop_publish_now_status":"pending","footnotes":""},"categories":[5],"tags":[1861,288,74],"class_list":["post-12698","post","type-post","status-publish","format-standard","has-post-thumbnail","hentry","category-actualidad-informativa","tag-i-gabinete-binacional-peru-chile","tag-michelle-bachelet","tag-pedro-pablo-kuczynski"],"_links":{"self":[{"href":"https:\/\/elinformanteperu.com\/index.php\/wp-json\/wp\/v2\/posts\/12698","targetHints":{"allow":["GET"]}}],"collection":[{"href":"https:\/\/elinformanteperu.com\/index.php\/wp-json\/wp\/v2\/posts"}],"about":[{"href":"https:\/\/elinformanteperu.com\/index.php\/wp-json\/wp\/v2\/types\/post"}],"author":[{"embeddable":true,"href":"https:\/\/elinformanteperu.com\/index.php\/wp-json\/wp\/v2\/users\/1"}],"replies":[{"embeddable":true,"href":"https:\/\/elinformanteperu.com\/index.php\/wp-json\/wp\/v2\/comments?post=12698"}],"version-history":[{"count":1,"href":"https:\/\/elinformanteperu.com\/index.php\/wp-json\/wp\/v2\/posts\/12698\/revisions"}],"predecessor-version":[{"id":12700,"href":"https:\/\/elinformanteperu.com\/index.php\/wp-json\/wp\/v2\/posts\/12698\/revisions\/12700"}],"wp:featuredmedia":[{"embeddable":true,"href":"https:\/\/elinformanteperu.com\/index.php\/wp-json\/wp\/v2\/media\/12699"}],"wp:attachment":[{"href":"https:\/\/elinformanteperu.com\/index.php\/wp-json\/wp\/v2\/media?parent=12698"}],"wp:term":[{"taxonomy":"category","embeddable":true,"href":"https:\/\/elinformanteperu.com\/index.php\/wp-json\/wp\/v2\/categories?post=12698"},{"taxonomy":"post_tag","embeddable":true,"href":"https:\/\/elinformanteperu.com\/index.php\/wp-json\/wp\/v2\/tags?post=12698"}],"curies":[{"name":"wp","href":"https:\/\/api.w.org\/{rel}","templated":true}]}}