{"id":126227,"date":"2024-10-18T02:13:52","date_gmt":"2024-10-18T07:13:52","guid":{"rendered":"https:\/\/elinformanteperu.com\/?p=126227"},"modified":"2024-10-18T02:13:52","modified_gmt":"2024-10-18T07:13:52","slug":"alejandro-toledo-pide-al-pj-tomar-en-cuenta-su-salud-al-momento-de-sentenciarlo","status":"publish","type":"post","link":"https:\/\/elinformanteperu.com\/index.php\/2024\/10\/18\/alejandro-toledo-pide-al-pj-tomar-en-cuenta-su-salud-al-momento-de-sentenciarlo\/","title":{"rendered":"Alejandro Toledo pide al PJ tomar en cuenta su salud al momento de sentenciarlo"},"content":{"rendered":"<p><strong><span style=\"color: #000000;\">Exmandatario reitera ser inocente en Caso Interoce\u00e1nica<\/span><\/strong><\/p>\n<p><span style=\"color: #000000;\"><strong>Lima, 17 Octubre 2024, (ANDINA).-<\/strong> A cinco d\u00edas de que se conozca el fallo judicial sobre el caso de la licitaci\u00f3n del tramo 4 de la Carretera interoce\u00e1nica Sur, el expresidente Alejandro Toledo, principal implicado en dicho proceso, dijo ser inocente de los cargos que al respecto se le imputan.<\/span><\/p>\n<p><span style=\"color: #000000;\">\u201cYo soy inocente\u201d, exclam\u00f3 el exmandatario durante la audiencia en la que se escucharon los \u00faltimos alegatos sobre el caso. Neg\u00f3 en tal sentido, haber coordinado con el representante de la empresa brasile\u00f1a Odebrecht, Jorge Barata, un pago millonario a su favor por el otorgamiento de la concesi\u00f3n de la obra mencionada.<\/span><\/p>\n<p><span style=\"color: #000000;\">Argument\u00f3 que el mencionado personaje le dijo a su abogado que no sab\u00eda de una entrega de dinero a Toledo. Se\u00f1al\u00f3 tambi\u00e9n no haber coordinado con su amigo, el fallecido Josef Maiman, para que se le efect\u00fae le pago por el cual se le procesa.<\/span><\/p>\n<p><span style=\"color: #000000;\">Asimismo, el exmandatario pidi\u00f3 tomar en cuenta su salud, por considerar que se encuentra en una situaci\u00f3n \u201cmuy complicada\u201d. \u201cTengo c\u00e1ncer, tengo problemas en el coraz\u00f3n y en pocos meses voy a cumplir 80 a\u00f1os\u201d, manifest\u00f3.<\/span><\/p>\n<p><span style=\"color: #000000;\">\u201cSi esto va a continuar por favor les pido: d\u00e9jenme defenderme desde mi casa. Quiero ir a una cl\u00ednica privada en la que tienen todos mis antecedentes\u201d, se\u00f1al\u00f3.<\/span><\/p>\n<p><span style=\"color: #000000;\">Record\u00f3 que, cuando estuvo pr\u00f3fugo en Estados Unidos, se someti\u00f3 a una operaci\u00f3n al coraz\u00f3n; pero en el caso del c\u00e1ncer, este mal contin\u00faa presente en su organismo, seg\u00fan dijo.<\/span><\/p>\n<p><strong><span style=\"color: #000000;\">Insiste en inocencia<\/span><\/strong><\/p>\n<p><span style=\"color: #000000;\">Durante el juicio, Toledo reiter\u00f3 que nunca supo nada sobre lo que ocurr\u00eda en torno a la concesi\u00f3n de la Carretera Interoce\u00e1nica, ya que este proceso lo ve\u00edan directamente los entonces ministros de Econom\u00eda, Pedro Pablo Kuczynski, y de Transportes, Jos\u00e9 Ortiz.<\/span><\/p>\n<p><span style=\"color: #000000;\">Hoy, en un momento de su intervenci\u00f3n, el exmandatario indic\u00f3 tener \u201cun gran respeto\u201d a Kuczynski, pero revel\u00f3 que este \u201cinfluenciado por sus viceministros\u201d, se opuso a que se constituyera el programa de apoyo social Juntos. Por ello le pidi\u00f3 que salga del Ministerio de Econom\u00eda, asever\u00f3.<\/span><\/p>\n<p><span style=\"color: #000000;\">En cuanto a la raz\u00f3n por la que se inici\u00f3 el proyecto de la Carretera Interoce\u00e1nica, afirm\u00f3 que esta surgi\u00f3 en una reuni\u00f3n que tuvo con el presidente brasile\u00f1o Lula Da Silva, tras la asunci\u00f3n al mando de este, en la que se habl\u00f3 sobre la necesidad de sacar los productos de Brasil hacia el Oc\u00e9ano Pac\u00edfico, a fin de generar m\u00e1s oportunidades en ese proceso.<\/span><\/p>\n<p><span style=\"color: #000000;\">La sentencia contra Toledo se dar\u00e1 a conocer el 21 de octubre, en una audiencia programada para las 14.00 horas.<\/span><\/p>\n<p><a href=\"https:\/\/elinformanteperu.com\/wp-content\/uploads\/2023\/10\/toledo-juicio.jpg\"><img fetchpriority=\"high\" decoding=\"async\" class=\"size-large wp-image-118116 aligncenter\" src=\"https:\/\/elinformanteperu.com\/wp-content\/uploads\/2023\/10\/toledo-juicio-1024x683.jpg\" alt=\"\" width=\"615\" height=\"410\" srcset=\"https:\/\/elinformanteperu.com\/wp-content\/uploads\/2023\/10\/toledo-juicio-1024x683.jpg 1024w, https:\/\/elinformanteperu.com\/wp-content\/uploads\/2023\/10\/toledo-juicio-300x200.jpg 300w, https:\/\/elinformanteperu.com\/wp-content\/uploads\/2023\/10\/toledo-juicio-768x512.jpg 768w, https:\/\/elinformanteperu.com\/wp-content\/uploads\/2023\/10\/toledo-juicio-1536x1024.jpg 1536w, https:\/\/elinformanteperu.com\/wp-content\/uploads\/2023\/10\/toledo-juicio.jpg 1800w\" sizes=\"(max-width: 615px) 100vw, 615px\" \/><\/a><\/p>\n","protected":false},"excerpt":{"rendered":"<p>Exmandatario reitera ser inocente en Caso Interoce\u00e1nica Lima, 17 Octubre 2024, (ANDINA).- A cinco d\u00edas de que se conozca el fallo judicial sobre el caso de la licitaci\u00f3n del tramo 4 de la Carretera interoce\u00e1nica Sur, el expresidente Alejandro Toledo, principal implicado en dicho proceso, dijo ser inocente de los cargos que al respecto se [&hellip;]<\/p>\n","protected":false},"author":1,"featured_media":126228,"comment_status":"closed","ping_status":"closed","sticky":false,"template":"","format":"standard","meta":{"rop_custom_images_group":[],"rop_custom_messages_group":[],"rop_publish_now":"initial","rop_publish_now_accounts":[],"rop_publish_now_history":[],"rop_publish_now_status":"pending","footnotes":""},"categories":[5],"tags":[208],"class_list":["post-126227","post","type-post","status-publish","format-standard","has-post-thumbnail","hentry","category-actualidad-informativa","tag-alejandro-toledo"],"_links":{"self":[{"href":"https:\/\/elinformanteperu.com\/index.php\/wp-json\/wp\/v2\/posts\/126227","targetHints":{"allow":["GET"]}}],"collection":[{"href":"https:\/\/elinformanteperu.com\/index.php\/wp-json\/wp\/v2\/posts"}],"about":[{"href":"https:\/\/elinformanteperu.com\/index.php\/wp-json\/wp\/v2\/types\/post"}],"author":[{"embeddable":true,"href":"https:\/\/elinformanteperu.com\/index.php\/wp-json\/wp\/v2\/users\/1"}],"replies":[{"embeddable":true,"href":"https:\/\/elinformanteperu.com\/index.php\/wp-json\/wp\/v2\/comments?post=126227"}],"version-history":[{"count":1,"href":"https:\/\/elinformanteperu.com\/index.php\/wp-json\/wp\/v2\/posts\/126227\/revisions"}],"predecessor-version":[{"id":126229,"href":"https:\/\/elinformanteperu.com\/index.php\/wp-json\/wp\/v2\/posts\/126227\/revisions\/126229"}],"wp:featuredmedia":[{"embeddable":true,"href":"https:\/\/elinformanteperu.com\/index.php\/wp-json\/wp\/v2\/media\/126228"}],"wp:attachment":[{"href":"https:\/\/elinformanteperu.com\/index.php\/wp-json\/wp\/v2\/media?parent=126227"}],"wp:term":[{"taxonomy":"category","embeddable":true,"href":"https:\/\/elinformanteperu.com\/index.php\/wp-json\/wp\/v2\/categories?post=126227"},{"taxonomy":"post_tag","embeddable":true,"href":"https:\/\/elinformanteperu.com\/index.php\/wp-json\/wp\/v2\/tags?post=126227"}],"curies":[{"name":"wp","href":"https:\/\/api.w.org\/{rel}","templated":true}]}}