{"id":126211,"date":"2024-10-18T01:58:19","date_gmt":"2024-10-18T06:58:19","guid":{"rendered":"https:\/\/elinformanteperu.com\/?p=126211"},"modified":"2024-10-18T01:58:19","modified_gmt":"2024-10-18T06:58:19","slug":"presidente-del-congreso-debe-acotarse-intervencion-de-ff-aa-en-orden-interno","status":"publish","type":"post","link":"https:\/\/elinformanteperu.com\/index.php\/2024\/10\/18\/presidente-del-congreso-debe-acotarse-intervencion-de-ff-aa-en-orden-interno\/","title":{"rendered":"Presidente del Congreso: debe acotarse intervenci\u00f3n de FF. AA. en orden interno"},"content":{"rendered":"<p><span style=\"color: #000000;\"><strong>Lima, 17 Octubre 2024, (ANDINA).-<\/strong> El presidente del Congreso, Eduardo Salhuana, consider\u00f3 que, de plantearse la posibilidad de que las Fuerzas Armadas tomen el control del orden interno, se tendr\u00eda que acotar qu\u00e9 funciones podr\u00edan realizar.<\/span><\/p>\n<p><span style=\"color: #000000;\">As\u00ed lo se\u00f1al\u00f3 el titular del Parlamento al ser consultado sobre lo expresado por el presidente del Consejo de Ministros, Gustavo Adrianz\u00e9n, quien indic\u00f3 que desde el Gobierno se est\u00e1 evaluando dicha posibilidad, ante el incremento de la criminalidad.<\/span><\/p>\n<p><span style=\"color: #000000;\">\u00abEn lo que yo estoy de acuerdo es que el pa\u00eds, como Estado, como naci\u00f3n, tiene que utilizar todas las armas, todas las herramientas y todas las instituciones que nos ayuden a combatir la inseguridad\u00bb, expres\u00f3 Salhuana en declaraciones a la prensa.<\/span><\/p>\n<p><span style=\"color: #000000;\">Record\u00f3 que las Fuerzas Armadas tienen un rol constitucional y pueden brindar apoyo a la Polic\u00eda en el resguardo de activos cr\u00edticos, estructuras p\u00fablicas y v\u00edas de comunicaci\u00f3n, para que los efectivos dejen de realizar esas labores y se dediquen de lleno a la inteligencia y a patrullar las calles.<\/span><\/p>\n<p><span style=\"color: #000000;\">\u00abEstoy de acuerdo con que intervengan las Fuerzas Armadas (en el orden interno), pero acotando exactamente qu\u00e9 cosas son las que van a hacer\u00bb, agreg\u00f3 el titular del Parlamento.<\/span><\/p>\n<p><span style=\"color: #000000;\">Salhuana sostuvo tambi\u00e9n que la posibilidad de que los militares se dediquen al cuidar el orden interno tendr\u00eda \u00abun problema constitucional\u00bb.<\/span><\/p>\n<p><span style=\"color: #000000;\">\u00abSi el premier (Adrianz\u00e9n) tiene esa iniciativa, tendr\u00eda que plantearse una reforma constitucional\u00bb, afirm\u00f3.<\/span><\/p>\n<p><strong><span style=\"color: #000000;\">Destaca modificaciones<\/span><\/strong><\/p>\n<p><span style=\"color: #000000;\">En otro momento, Salhuana se refiri\u00f3 a las modificaciones a la ley sobre crimen organizado, aprobadas ayer por el pleno, destacando que se han realizado precisiones con relaci\u00f3n a los allanamientos, a fin de que no sea necesaria la presencia de la parte interesada para que se lleven a cabo.<\/span><\/p>\n<p><span style=\"color: #000000;\">Agreg\u00f3 que tambi\u00e9n se ha establecido que haya un defensor de oficio, pero que ello no impide ni paraliza la ejecuci\u00f3n de la diligencia.<\/span><\/p>\n<p><span style=\"color: #000000;\">Tambi\u00e9n, sostuvo el titular del Parlamento, ha quedado esclarecida la definici\u00f3n de crimen organizado, por cuanto generaba que diversos delitos graves no sean procesados por el sistema de justicia. \u00abSe ha establecido que el \u00fanico objetivo de una organizaci\u00f3n criminal es el beneficio econ\u00f3mico\u00bb, declar\u00f3.<\/span><\/p>\n<p><span style=\"color: #000000;\">Inform\u00f3 que adem\u00e1s se redujo la pena m\u00ednima de 6 a 5 a\u00f1os de prisi\u00f3n y se han incorporado los delitos m\u00e1s frecuentes, como sicariato, robo agravado, homicidio y extorsi\u00f3n.<\/span><\/p>\n<p><span style=\"color: #000000;\">Respecto a la propuesta que incorpora el delito de criminalidad sistem\u00e1tica, Salhuana se\u00f1al\u00f3 que se aprob\u00f3 un art\u00edculo \u00fanico que establece pena de cadena perpetua a quienes cometan estos delitos.<\/span><\/p>\n<p><strong><span style=\"color: #000000;\">Huelga de maestros<\/span><\/strong><\/p>\n<p><span style=\"color: #000000;\">Con respecto a las marchas de un sector del magisterio y el anuncio de pr\u00f3ximas jornadas de protestas, sostuvo que se respeta su derecho a la movilizaci\u00f3n y pidi\u00f3 que estas se desarrollen de manera pac\u00edfica.<\/span><\/p>\n<p><span style=\"color: #000000;\">Salhuana se\u00f1al\u00f3 adem\u00e1s que revisar\u00e1n sus pedidos y afirm\u00f3 que este Congreso ha sido el que m\u00e1s ha trabajado leyes a favor de este sector, como la que les otorga el 100% de la CTS.<\/span><\/p>\n<p><strong><span style=\"color: #000000;\">Creaci\u00f3n de zonas econ\u00f3micas<\/span><\/strong><\/p>\n<p><span style=\"color: #000000;\">De otro lado, el presidente del Congreso destac\u00f3 que hoy en el pleno se ver\u00e1n, entre otros proyectos de ley, la propuesta que plantea la creaci\u00f3n de dos zonas econ\u00f3micas especiales en Chancay y Anc\u00f3n.<\/span><\/p>\n<p><span style=\"color: #000000;\">Sostuvo que se trata de un mecanismo de desarrollo, de inversi\u00f3n y de tecnolog\u00eda, que va de la mano con la pr\u00f3xima realizaci\u00f3n de la Semana de L\u00edderes APEC Per\u00fa 2024 y la puesta en marcha del Terminal Multiprop\u00f3sito de Chancay, as\u00ed como la creaci\u00f3n del parque industrial de Anc\u00f3n.<\/span><\/p>\n<p><span style=\"color: #000000;\">\u00abEsto va a generar, sin duda alguna, inversi\u00f3n, mayor trabajo y desarrollo en el pa\u00eds\u00bb, resalt\u00f3.<\/span><\/p>\n","protected":false},"excerpt":{"rendered":"<p>Lima, 17 Octubre 2024, (ANDINA).- El presidente del Congreso, Eduardo Salhuana, consider\u00f3 que, de plantearse la posibilidad de que las Fuerzas Armadas tomen el control del orden interno, se tendr\u00eda que acotar qu\u00e9 funciones podr\u00edan realizar. As\u00ed lo se\u00f1al\u00f3 el titular del Parlamento al ser consultado sobre lo expresado por el presidente del Consejo de [&hellip;]<\/p>\n","protected":false},"author":1,"featured_media":126212,"comment_status":"closed","ping_status":"closed","sticky":false,"template":"","format":"standard","meta":{"rop_custom_images_group":[],"rop_custom_messages_group":[],"rop_publish_now":"initial","rop_publish_now_accounts":[],"rop_publish_now_history":[],"rop_publish_now_status":"pending","footnotes":""},"categories":[5],"tags":[192,6768,432],"class_list":["post-126211","post","type-post","status-publish","format-standard","has-post-thumbnail","hentry","category-actualidad-informativa","tag-congreso","tag-eduardo-salhuana","tag-seguridad-ciudadana"],"_links":{"self":[{"href":"https:\/\/elinformanteperu.com\/index.php\/wp-json\/wp\/v2\/posts\/126211","targetHints":{"allow":["GET"]}}],"collection":[{"href":"https:\/\/elinformanteperu.com\/index.php\/wp-json\/wp\/v2\/posts"}],"about":[{"href":"https:\/\/elinformanteperu.com\/index.php\/wp-json\/wp\/v2\/types\/post"}],"author":[{"embeddable":true,"href":"https:\/\/elinformanteperu.com\/index.php\/wp-json\/wp\/v2\/users\/1"}],"replies":[{"embeddable":true,"href":"https:\/\/elinformanteperu.com\/index.php\/wp-json\/wp\/v2\/comments?post=126211"}],"version-history":[{"count":1,"href":"https:\/\/elinformanteperu.com\/index.php\/wp-json\/wp\/v2\/posts\/126211\/revisions"}],"predecessor-version":[{"id":126213,"href":"https:\/\/elinformanteperu.com\/index.php\/wp-json\/wp\/v2\/posts\/126211\/revisions\/126213"}],"wp:featuredmedia":[{"embeddable":true,"href":"https:\/\/elinformanteperu.com\/index.php\/wp-json\/wp\/v2\/media\/126212"}],"wp:attachment":[{"href":"https:\/\/elinformanteperu.com\/index.php\/wp-json\/wp\/v2\/media?parent=126211"}],"wp:term":[{"taxonomy":"category","embeddable":true,"href":"https:\/\/elinformanteperu.com\/index.php\/wp-json\/wp\/v2\/categories?post=126211"},{"taxonomy":"post_tag","embeddable":true,"href":"https:\/\/elinformanteperu.com\/index.php\/wp-json\/wp\/v2\/tags?post=126211"}],"curies":[{"name":"wp","href":"https:\/\/api.w.org\/{rel}","templated":true}]}}