{"id":126140,"date":"2024-10-17T21:07:39","date_gmt":"2024-10-18T02:07:39","guid":{"rendered":"https:\/\/elinformanteperu.com\/?p=126140"},"modified":"2024-10-17T21:07:39","modified_gmt":"2024-10-18T02:07:39","slug":"oliver-sonne-y-su-duro-analisis-tenemos-que-empezar-a-crear-juego","status":"publish","type":"post","link":"https:\/\/elinformanteperu.com\/index.php\/2024\/10\/17\/oliver-sonne-y-su-duro-analisis-tenemos-que-empezar-a-crear-juego\/","title":{"rendered":"Oliver Sonne y su duro an\u00e1lisis: \u00abTenemos que empezar a crear juego\u00bb"},"content":{"rendered":"<p><strong><span style=\"color: #000000;\">El lateral se\u00f1al\u00f3 que todo fue malo ante Brasil, pero que quedan muchos partidos para mejorar la situaci\u00f3n<\/span><\/strong><\/p>\n<p><span style=\"color: #000000;\"><strong>Lima, 17 Octubre 2024, (ANDINA).-<\/strong> Oliver Sonne no pudo ocultar su malestar por la situaci\u00f3n que vive la selecci\u00f3n peruana en las Eliminatorias y bajo ese cotexto dijo que se hace necesario que el equipo comience a crear juego para empezar a ganar; adem\u00e1s, se\u00f1al\u00f3 quedan varios partidos por delante por lo que deben seguir luchando para lograr el objetivo.<\/span><\/p>\n<p><span style=\"color: #000000;\">Oliver Sonne fue uno de los jugadores que perdi\u00f3 su titularidad ante Brasil, pero cuando le toc\u00f3 ingresar trat\u00f3 de elaborar juego con el objetivo de inquietar en los minutos finales al conjunto local.<\/span><\/p>\n<p><span style=\"color: #000000;\">El lateral nacido en Dinamarca con ra\u00edces peruana hizo una mea culpa y se\u00f1al\u00f3 que todo lo expuesto por Per\u00fa en el Man\u00e9 Garrincha fue malo y por ello del resultado abultado de 4-0 a favor a la &#8216;auriverde&#8217;.<\/span><\/p>\n<p><span style=\"color: #000000;\">\u201cEl equipo malo y yo tambi\u00e9n malo, todo muy malo. Fue muy dif\u00edcil hoy, lo sabemos, pero haber acabado con el marcador 4-0 no est\u00e1 nada bien. Obviamente, nosotros necesitamos creer y eso es muy importante. Hoy (ayer) fue un d\u00eda muy malo, pero necesitamos continuar\u201d, se\u00f1al\u00f3 Sonne tras finalizar el cotejo.<\/span><\/p>\n<p><span style=\"color: #000000;\">En otro instante, el lateral de 24 a\u00f1os reconoci\u00f3 que la situaci\u00f3n de Per\u00fa en las clasificatorias es delicada; sin embargo, tambi\u00e9n se\u00f1al\u00f3 que a\u00fan faltan varios partidos por disputar y que todav\u00eda pueden luchar por lograr la clasificaci\u00f3n al Mundial 2026.<\/span><\/p>\n<p><span style=\"color: #000000;\">\u201cS\u00ed, claro que s\u00ed. Ese es nuestro objetivo, pero tenemos que empezar a crear juego. A\u00fan tenemos muchos partidos por delante, entonces ahora solo toca seguir\u201d, precis\u00f3.<\/span><\/p>\n<p><span style=\"color: #000000;\">Bajo la direcci\u00f3n t\u00e9cnica de Jorge Fossati, Oliver Sonne se ha ganado un lugar en la selecci\u00f3n peruana, ya que fue con el t\u00e9cnico uruguayo que tuvo la suerte de debutar con la blanquirroja y luego de salir como titular tal como pas\u00f3 frente a los &#8216;charr\u00faas&#8217; la semana pasada.<\/span><\/p>\n<p><span style=\"color: #000000;\">Sin duda, Sonne es llamado a ser parte del cambio generacional que alista la selecci\u00f3n peruana para afrontar los futuros torneos internacionales. De ya, comenz\u00f3 a ser una pieza clave.<\/span><\/p>\n<p><a href=\"https:\/\/elinformanteperu.com\/wp-content\/uploads\/2024\/06\/Oliver-Sonne3-e1718564107669.jpg\"><img fetchpriority=\"high\" decoding=\"async\" class=\"size-large wp-image-122202 aligncenter\" src=\"https:\/\/elinformanteperu.com\/wp-content\/uploads\/2024\/06\/Oliver-Sonne3-e1718564107669-1024x589.jpg\" alt=\"\" width=\"615\" height=\"354\" srcset=\"https:\/\/elinformanteperu.com\/wp-content\/uploads\/2024\/06\/Oliver-Sonne3-e1718564107669-1024x589.jpg 1024w, https:\/\/elinformanteperu.com\/wp-content\/uploads\/2024\/06\/Oliver-Sonne3-e1718564107669-300x173.jpg 300w, https:\/\/elinformanteperu.com\/wp-content\/uploads\/2024\/06\/Oliver-Sonne3-e1718564107669-768x442.jpg 768w, https:\/\/elinformanteperu.com\/wp-content\/uploads\/2024\/06\/Oliver-Sonne3-e1718564107669-1536x883.jpg 1536w, https:\/\/elinformanteperu.com\/wp-content\/uploads\/2024\/06\/Oliver-Sonne3-e1718564107669.jpg 1800w\" sizes=\"(max-width: 615px) 100vw, 615px\" \/><\/a><\/p>\n","protected":false},"excerpt":{"rendered":"<p>El lateral se\u00f1al\u00f3 que todo fue malo ante Brasil, pero que quedan muchos partidos para mejorar la situaci\u00f3n Lima, 17 Octubre 2024, (ANDINA).- Oliver Sonne no pudo ocultar su malestar por la situaci\u00f3n que vive la selecci\u00f3n peruana en las Eliminatorias y bajo ese cotexto dijo que se hace necesario que el equipo comience a [&hellip;]<\/p>\n","protected":false},"author":1,"featured_media":126141,"comment_status":"closed","ping_status":"closed","sticky":false,"template":"","format":"standard","meta":{"rop_custom_images_group":[],"rop_custom_messages_group":[],"rop_publish_now":"initial","rop_publish_now_accounts":[],"rop_publish_now_history":[],"rop_publish_now_status":"pending","footnotes":""},"categories":[8],"tags":[6587,7283],"class_list":["post-126140","post","type-post","status-publish","format-standard","has-post-thumbnail","hentry","category-disciplinas-deportivas","tag-brasil-peru","tag-oliver-sonne"],"_links":{"self":[{"href":"https:\/\/elinformanteperu.com\/index.php\/wp-json\/wp\/v2\/posts\/126140","targetHints":{"allow":["GET"]}}],"collection":[{"href":"https:\/\/elinformanteperu.com\/index.php\/wp-json\/wp\/v2\/posts"}],"about":[{"href":"https:\/\/elinformanteperu.com\/index.php\/wp-json\/wp\/v2\/types\/post"}],"author":[{"embeddable":true,"href":"https:\/\/elinformanteperu.com\/index.php\/wp-json\/wp\/v2\/users\/1"}],"replies":[{"embeddable":true,"href":"https:\/\/elinformanteperu.com\/index.php\/wp-json\/wp\/v2\/comments?post=126140"}],"version-history":[{"count":1,"href":"https:\/\/elinformanteperu.com\/index.php\/wp-json\/wp\/v2\/posts\/126140\/revisions"}],"predecessor-version":[{"id":126142,"href":"https:\/\/elinformanteperu.com\/index.php\/wp-json\/wp\/v2\/posts\/126140\/revisions\/126142"}],"wp:featuredmedia":[{"embeddable":true,"href":"https:\/\/elinformanteperu.com\/index.php\/wp-json\/wp\/v2\/media\/126141"}],"wp:attachment":[{"href":"https:\/\/elinformanteperu.com\/index.php\/wp-json\/wp\/v2\/media?parent=126140"}],"wp:term":[{"taxonomy":"category","embeddable":true,"href":"https:\/\/elinformanteperu.com\/index.php\/wp-json\/wp\/v2\/categories?post=126140"},{"taxonomy":"post_tag","embeddable":true,"href":"https:\/\/elinformanteperu.com\/index.php\/wp-json\/wp\/v2\/tags?post=126140"}],"curies":[{"name":"wp","href":"https:\/\/api.w.org\/{rel}","templated":true}]}}