{"id":12578,"date":"2017-07-05T01:04:33","date_gmt":"2017-07-05T06:04:33","guid":{"rendered":"http:\/\/elinformanteperu.com\/?p=12578"},"modified":"2017-07-05T01:04:33","modified_gmt":"2017-07-05T06:04:33","slug":"kenji-fujimori-dice-que-jamas-renunciara-a-fuerza-popular","status":"publish","type":"post","link":"https:\/\/elinformanteperu.com\/index.php\/2017\/07\/05\/kenji-fujimori-dice-que-jamas-renunciara-a-fuerza-popular\/","title":{"rendered":"Kenji Fujimori dice que jam\u00e1s renunciar\u00e1 a Fuerza Popular"},"content":{"rendered":"<p><strong><span style=\"color: #000000;\">Kenji Fujimori asegur\u00f3 que jam\u00e1s renunciar\u00e1 a Fuerza Popular, cuya bancada acord\u00f3 abrirle un proceso disciplinario por considerar que sus mensajes v\u00eda Twitter afectaban a la unidad.<\/span><\/strong><\/p>\n<p><span style=\"color: #000000;\"><strong>Lima, 04 Julio 2017, (ANDINA).-<\/strong> El congresista Kenji Fujimori asegur\u00f3 que jam\u00e1s renunciar\u00e1 a Fuerza Popular, cuya bancada acord\u00f3 abrirle un proceso disciplinario por considerar que sus mensajes v\u00eda Twitter afectaban a la unidad.<\/span><\/p>\n<p><span style=\"color: #000000;\">Al llegar a una reuni\u00f3n de su bancada, en el distrito de Ate, se\u00f1al\u00f3 sentirse bien y tranquilo, y aclar\u00f3 que no conoce los cargos por los cuales le abrieron proceso disciplinario.<\/span><\/p>\n<p><span style=\"color: #000000;\">\u00abAhora me enterar\u00e9, me imagino. Ayer no pude asistir a la reuni\u00f3n de la bancada (donde se acord\u00f3 el proceso disciplinario), porque ten\u00eda una junta de trabajo con el ministro del Interior, Carlos Basombr\u00edo\u00bb, explic\u00f3.<\/span><\/p>\n<p><span style=\"color: #000000;\">El menor de los hermanos Fujimori sostuvo, adem\u00e1s, que lo importante pasa por fomentar un clima de tolerancia y de di\u00e1logo.<\/span><\/p>\n<p><span style=\"color: #000000;\">\u00abLo importante es que jam\u00e1s voy a renunciar a mi partido\u00bb, puntualiz\u00f3 al ser abordado por la prensa.<\/span><\/p>\n<p><span style=\"color: #000000;\">C\u00f3mo se recuerda, el congresista de Fuerza Popular Carlos Tubino confirm\u00f3 que se le abri\u00f3 proceso disciplinario a Kenji Fujimori por sus mensajes v\u00eda Twitter, que afectaban a la unidad de su bancada.<\/span><\/p>\n<p><span style=\"color: #000000;\">Seg\u00fan Tubino, Fujimori fue advertido previamente por algunos de sus colegas de bancada sobre los efectos de sus mensajes y que deb\u00eda transmitir sus inquietudes por la v\u00eda interna.<\/span><\/p>\n<p><span style=\"color: #000000;\">Dijo, adem\u00e1s, que m\u00e1s all\u00e1 del tema con Kenji Fujimori debe quedar claro que no hay divisi\u00f3n en Fuerza Popular y que la bancada est\u00e1 consolidada.<\/span><\/p>\n","protected":false},"excerpt":{"rendered":"<p>Kenji Fujimori asegur\u00f3 que jam\u00e1s renunciar\u00e1 a Fuerza Popular, cuya bancada acord\u00f3 abrirle un proceso disciplinario por considerar que sus mensajes v\u00eda Twitter afectaban a la unidad. Lima, 04 Julio 2017, (ANDINA).- El congresista Kenji Fujimori asegur\u00f3 que jam\u00e1s renunciar\u00e1 a Fuerza Popular, cuya bancada acord\u00f3 abrirle un proceso disciplinario por considerar que sus mensajes [&hellip;]<\/p>\n","protected":false},"author":1,"featured_media":11987,"comment_status":"open","ping_status":"open","sticky":false,"template":"","format":"standard","meta":{"rop_custom_images_group":[],"rop_custom_messages_group":[],"rop_publish_now":"initial","rop_publish_now_accounts":[],"rop_publish_now_history":[],"rop_publish_now_status":"pending","footnotes":""},"categories":[5],"tags":[295,527],"class_list":["post-12578","post","type-post","status-publish","format-standard","has-post-thumbnail","hentry","category-actualidad-informativa","tag-fuerza-popular","tag-kenji-fujimori"],"_links":{"self":[{"href":"https:\/\/elinformanteperu.com\/index.php\/wp-json\/wp\/v2\/posts\/12578","targetHints":{"allow":["GET"]}}],"collection":[{"href":"https:\/\/elinformanteperu.com\/index.php\/wp-json\/wp\/v2\/posts"}],"about":[{"href":"https:\/\/elinformanteperu.com\/index.php\/wp-json\/wp\/v2\/types\/post"}],"author":[{"embeddable":true,"href":"https:\/\/elinformanteperu.com\/index.php\/wp-json\/wp\/v2\/users\/1"}],"replies":[{"embeddable":true,"href":"https:\/\/elinformanteperu.com\/index.php\/wp-json\/wp\/v2\/comments?post=12578"}],"version-history":[{"count":1,"href":"https:\/\/elinformanteperu.com\/index.php\/wp-json\/wp\/v2\/posts\/12578\/revisions"}],"predecessor-version":[{"id":12579,"href":"https:\/\/elinformanteperu.com\/index.php\/wp-json\/wp\/v2\/posts\/12578\/revisions\/12579"}],"wp:featuredmedia":[{"embeddable":true,"href":"https:\/\/elinformanteperu.com\/index.php\/wp-json\/wp\/v2\/media\/11987"}],"wp:attachment":[{"href":"https:\/\/elinformanteperu.com\/index.php\/wp-json\/wp\/v2\/media?parent=12578"}],"wp:term":[{"taxonomy":"category","embeddable":true,"href":"https:\/\/elinformanteperu.com\/index.php\/wp-json\/wp\/v2\/categories?post=12578"},{"taxonomy":"post_tag","embeddable":true,"href":"https:\/\/elinformanteperu.com\/index.php\/wp-json\/wp\/v2\/tags?post=12578"}],"curies":[{"name":"wp","href":"https:\/\/api.w.org\/{rel}","templated":true}]}}