{"id":12576,"date":"2017-07-05T01:01:10","date_gmt":"2017-07-05T06:01:10","guid":{"rendered":"http:\/\/elinformanteperu.com\/?p=12576"},"modified":"2017-07-05T01:01:10","modified_gmt":"2017-07-05T06:01:10","slug":"fuerza-popular-se-reune-para-evaluar-desempeno-de-primer-ano-en-el-congreso","status":"publish","type":"post","link":"https:\/\/elinformanteperu.com\/index.php\/2017\/07\/05\/fuerza-popular-se-reune-para-evaluar-desempeno-de-primer-ano-en-el-congreso\/","title":{"rendered":"Fuerza Popular se re\u00fane para evaluar desempe\u00f1o de primer a\u00f1o en el Congreso"},"content":{"rendered":"<p><strong><span style=\"color: #000000;\">La bancada de Fuerza Popular se re\u00fane en un hotel del distrito de Ate para evaluar su desempe\u00f1o en el primer a\u00f1o del quinquenio 2016 &#8211; 2021 en el Congreso.<\/span><\/strong><\/p>\n<p><span style=\"color: #000000;\"><strong>Lima, 04 Julio 2017, (ANDINA).-<\/strong> La bancada de Fuerza Popular se re\u00fane en un hotel del distrito de Ate para evaluar su desempe\u00f1o en el primer a\u00f1o del quinquenio 2016 &#8211; 2021 en el Congreso, mas no el proceso disciplinario abierto a Kenji Fujimori.<\/span><\/p>\n<p><span style=\"color: #000000;\">El legislador H\u00e9ctor Becerril se\u00f1al\u00f3 que el tema m\u00e1s importante de este encuentro, al que han sido convocados todos los parlamentarios fujimoristas, es ver lo que se ha trabajado en el periodo 2016 &#8211; 2017.<\/span><\/p>\n<p><span style=\"color: #000000;\">\u00abEsta reuni\u00f3n no ser\u00e1 para otros temas, no se discutir\u00e1 el di\u00e1logo (entre el presidente Pedro Pablo Kuczynski y Keiko Fujimori) ni lo de Kenji\u00bb, precis\u00f3 el parlamentario en canal N.<\/span><\/p>\n<p><span style=\"color: #000000;\">Seg\u00fan ratific\u00f3, anoche se decidi\u00f3 por unanimidad abrir proceso disciplinario al menor de los hijos de Alberto Fujimori por los reiterados mensajes que escribi\u00f3 v\u00eda Twitter, los cuales, a juicio de la bancada, afectaban la unidad.<\/span><\/p>\n<p><span style=\"color: #000000;\">Para Becerril, esta decisi\u00f3n desvirt\u00faa que haya divisi\u00f3n o dos facciones dentro de Fuerza Popular, y demuestra que la bancada se encuentra unida y que toma decisiones de forma democr\u00e1tica.<\/span><\/p>\n<p><span style=\"color: #000000;\">Tras negarse a revelar qu\u00e9 congresista plante\u00f3 el proceso disciplinario para Kenji Fujimori, dijo que este \u00faltimo tendr\u00e1 tiempo para hacer sus descargos y luego se emitir\u00e1 un informe.<\/span><\/p>\n<p><span style=\"color: #000000;\">\u00abEspero que sea consciente de que no estaba actuando bien y haga su descargo. Esperamos que esto nos sirva para caminar m\u00e1s unidos y al final entienda que no se puede ventilar temas internos\u00bb, a\u00f1adi\u00f3 Becerril.<\/span><\/p>\n","protected":false},"excerpt":{"rendered":"<p>La bancada de Fuerza Popular se re\u00fane en un hotel del distrito de Ate para evaluar su desempe\u00f1o en el primer a\u00f1o del quinquenio 2016 &#8211; 2021 en el Congreso. Lima, 04 Julio 2017, (ANDINA).- La bancada de Fuerza Popular se re\u00fane en un hotel del distrito de Ate para evaluar su desempe\u00f1o en el [&hellip;]<\/p>\n","protected":false},"author":1,"featured_media":2439,"comment_status":"open","ping_status":"open","sticky":false,"template":"","format":"standard","meta":{"rop_custom_images_group":[],"rop_custom_messages_group":[],"rop_publish_now":"initial","rop_publish_now_accounts":[],"rop_publish_now_history":[],"rop_publish_now_status":"pending","footnotes":""},"categories":[5],"tags":[192,295,527],"class_list":["post-12576","post","type-post","status-publish","format-standard","has-post-thumbnail","hentry","category-actualidad-informativa","tag-congreso","tag-fuerza-popular","tag-kenji-fujimori"],"_links":{"self":[{"href":"https:\/\/elinformanteperu.com\/index.php\/wp-json\/wp\/v2\/posts\/12576","targetHints":{"allow":["GET"]}}],"collection":[{"href":"https:\/\/elinformanteperu.com\/index.php\/wp-json\/wp\/v2\/posts"}],"about":[{"href":"https:\/\/elinformanteperu.com\/index.php\/wp-json\/wp\/v2\/types\/post"}],"author":[{"embeddable":true,"href":"https:\/\/elinformanteperu.com\/index.php\/wp-json\/wp\/v2\/users\/1"}],"replies":[{"embeddable":true,"href":"https:\/\/elinformanteperu.com\/index.php\/wp-json\/wp\/v2\/comments?post=12576"}],"version-history":[{"count":1,"href":"https:\/\/elinformanteperu.com\/index.php\/wp-json\/wp\/v2\/posts\/12576\/revisions"}],"predecessor-version":[{"id":12577,"href":"https:\/\/elinformanteperu.com\/index.php\/wp-json\/wp\/v2\/posts\/12576\/revisions\/12577"}],"wp:featuredmedia":[{"embeddable":true,"href":"https:\/\/elinformanteperu.com\/index.php\/wp-json\/wp\/v2\/media\/2439"}],"wp:attachment":[{"href":"https:\/\/elinformanteperu.com\/index.php\/wp-json\/wp\/v2\/media?parent=12576"}],"wp:term":[{"taxonomy":"category","embeddable":true,"href":"https:\/\/elinformanteperu.com\/index.php\/wp-json\/wp\/v2\/categories?post=12576"},{"taxonomy":"post_tag","embeddable":true,"href":"https:\/\/elinformanteperu.com\/index.php\/wp-json\/wp\/v2\/tags?post=12576"}],"curies":[{"name":"wp","href":"https:\/\/api.w.org\/{rel}","templated":true}]}}