{"id":12574,"date":"2017-07-05T00:59:23","date_gmt":"2017-07-05T05:59:23","guid":{"rendered":"http:\/\/elinformanteperu.com\/?p=12574"},"modified":"2017-07-05T00:59:23","modified_gmt":"2017-07-05T05:59:23","slug":"fuerza-popular-abre-proceso-disciplinario-a-congresista-kenji-fujimori","status":"publish","type":"post","link":"https:\/\/elinformanteperu.com\/index.php\/2017\/07\/05\/fuerza-popular-abre-proceso-disciplinario-a-congresista-kenji-fujimori\/","title":{"rendered":"Fuerza Popular abre proceso disciplinario a congresista Kenji Fujimori"},"content":{"rendered":"<p><strong><span style=\"color: #000000;\">La bancada de Fuerza Popular acord\u00f3 abrir proceso disciplinario al congresista Kenji Fujimori por considerar que ha tenido expresiones v\u00eda Twitter que afectan la unidad de dicho grupo.<\/span><\/strong><\/p>\n<p><span style=\"color: #000000;\"><strong>Lima, 04 Julio 2017, (ANDINA).-<\/strong> La bancada de Fuerza Popular acord\u00f3 abrir proceso disciplinario al congresista Kenji Fujimori por considerar que ha tenido expresiones v\u00eda Twitter que afectan la unidad de dicho grupo, confirm\u00f3 el legislador Carlos Tubino.<\/span><\/p>\n<p><span style=\"color: #000000;\">Seg\u00fan explic\u00f3 en RPP, el acuerdo fue adoptado anoche por unanimidad durante una reuni\u00f3n de la bancada de Fuerza Popular, que cont\u00f3 con la presencia de la excandidata presidencial Keiko Fujimori.<\/span><\/p>\n<p><span style=\"color: #000000;\">Tubino dijo que Kenji Fujimori fue advertido por algunos colegas de la bancada que sus mensajes por Twitter afectaban la unidad del grupo parlamentario y que deb\u00eda transmitir sus inquietudes por la v\u00eda interna.<\/span><\/p>\n<p><span style=\"color: #000000;\">\u00ab(El proceso disciplinario) no es por lo que dijo en canal N, es una consecuencia del an\u00e1lisis hecho ayer. Tiene que haber orden si alguien socava la unidad, nadie tiene corona\u00bb, asever\u00f3.<\/span><\/p>\n<p><span style=\"color: #000000;\">Refiri\u00f3, en ese sentido, que socavar la unidad se encuentran entre las faltas estipuladas en el reglamento interno de la bancada, junto con los actos infraternos.<\/span><\/p>\n<p><span style=\"color: #000000;\">Sostuvo, no obstante, que m\u00e1s all\u00e1 del tema con Kenji Fujimori, debe quedar claro que no hay divisi\u00f3n en Fuerza Popular, y que la bancada est\u00e1 consolidada.<\/span><\/p>\n<p><span style=\"color: #000000;\">Durante el acuerdo de apertura de proceso disciplinario, Kenji Fujimori no estuvo presente.<\/span><\/p>\n<p><span style=\"color: #000000;\">Hace una semana, dicho legislador, el menor de los hijos del expresidente Alberto Fujimori, dijo en un programa de canal N que Fuerza Popular requiere una reestructuraci\u00f3n despu\u00e9s de haber perdido dos veces las elecciones presidenciales.<\/span><\/p>\n<p><span style=\"color: #000000;\">Ser\u00e1 el tercer parlamentario de Fuerza Popular sometido al referido proceso. Anteriormente lo fueron Yeni Vilcatoma y Patricia Donayre, ambas dejaron la bancada.<\/span><\/p>\n<p>&nbsp;<\/p>\n","protected":false},"excerpt":{"rendered":"<p>La bancada de Fuerza Popular acord\u00f3 abrir proceso disciplinario al congresista Kenji Fujimori por considerar que ha tenido expresiones v\u00eda Twitter que afectan la unidad de dicho grupo. Lima, 04 Julio 2017, (ANDINA).- La bancada de Fuerza Popular acord\u00f3 abrir proceso disciplinario al congresista Kenji Fujimori por considerar que ha tenido expresiones v\u00eda Twitter que [&hellip;]<\/p>\n","protected":false},"author":1,"featured_media":2638,"comment_status":"open","ping_status":"open","sticky":false,"template":"","format":"standard","meta":{"rop_custom_images_group":[],"rop_custom_messages_group":[],"rop_publish_now":"initial","rop_publish_now_accounts":[],"rop_publish_now_history":[],"rop_publish_now_status":"pending","footnotes":""},"categories":[5],"tags":[295,527],"class_list":["post-12574","post","type-post","status-publish","format-standard","has-post-thumbnail","hentry","category-actualidad-informativa","tag-fuerza-popular","tag-kenji-fujimori"],"_links":{"self":[{"href":"https:\/\/elinformanteperu.com\/index.php\/wp-json\/wp\/v2\/posts\/12574","targetHints":{"allow":["GET"]}}],"collection":[{"href":"https:\/\/elinformanteperu.com\/index.php\/wp-json\/wp\/v2\/posts"}],"about":[{"href":"https:\/\/elinformanteperu.com\/index.php\/wp-json\/wp\/v2\/types\/post"}],"author":[{"embeddable":true,"href":"https:\/\/elinformanteperu.com\/index.php\/wp-json\/wp\/v2\/users\/1"}],"replies":[{"embeddable":true,"href":"https:\/\/elinformanteperu.com\/index.php\/wp-json\/wp\/v2\/comments?post=12574"}],"version-history":[{"count":1,"href":"https:\/\/elinformanteperu.com\/index.php\/wp-json\/wp\/v2\/posts\/12574\/revisions"}],"predecessor-version":[{"id":12575,"href":"https:\/\/elinformanteperu.com\/index.php\/wp-json\/wp\/v2\/posts\/12574\/revisions\/12575"}],"wp:featuredmedia":[{"embeddable":true,"href":"https:\/\/elinformanteperu.com\/index.php\/wp-json\/wp\/v2\/media\/2638"}],"wp:attachment":[{"href":"https:\/\/elinformanteperu.com\/index.php\/wp-json\/wp\/v2\/media?parent=12574"}],"wp:term":[{"taxonomy":"category","embeddable":true,"href":"https:\/\/elinformanteperu.com\/index.php\/wp-json\/wp\/v2\/categories?post=12574"},{"taxonomy":"post_tag","embeddable":true,"href":"https:\/\/elinformanteperu.com\/index.php\/wp-json\/wp\/v2\/tags?post=12574"}],"curies":[{"name":"wp","href":"https:\/\/api.w.org\/{rel}","templated":true}]}}